{"id":2812,"date":"2016-12-07T09:47:51","date_gmt":"2016-12-07T08:47:51","guid":{"rendered":"http:\/\/cause.ch\/lab\/?p=2812"},"modified":"2016-12-07T21:12:58","modified_gmt":"2016-12-07T20:12:58","slug":"square-teaser-7-unfold-it","status":"publish","type":"post","link":"https:\/\/cause.ch\/lab\/we-are-the-cause\/square-teaser-7-unfold-it\/","title":{"rendered":"SQUARE Teaser #7: Unfold-it"},"content":{"rendered":"<div class=\"arx_pad_2 center_text\">\n<a href=\"https:\/\/www.facebook.com\/events\/923664974435588\/\" target=\"_blank\"><img loading=\"lazy\" decoding=\"async\" src=\"http:\/\/cause.ch\/lab\/wp-content\/uploads\/2016\/12\/SUPER-smiley-logo-\u00a9cause2016.jpg\" alt=\"super-smiley-logo-cause2016\" width=\"400\" height=\"404\" class=\"alignnone size-full wp-image-2813\" srcset=\"https:\/\/cause.ch\/lab\/wp-content\/uploads\/2016\/12\/SUPER-smiley-logo-\u00a9cause2016.jpg 400w, https:\/\/cause.ch\/lab\/wp-content\/uploads\/2016\/12\/SUPER-smiley-logo-\u00a9cause2016-297x300.jpg 297w\" sizes=\"auto, (max-width: 400px) 100vw, 400px\" \/><\/a>\n<\/div>\n<p class=\"arx_2_pages center_content arx_pad_2\">\nPour tous les esprits cr\u00e9atifs d&#8217;entre vous en qu\u00eate d&#8217;un support distingu\u00e9 pour \u00e9pancher votre inspiration, voici la collection des accessoires de la marque <b><i><a href=\"http:\/\/unfold-it.ch\/\" target=\"_blank\">Unfold-it<\/a><\/b><\/i>: initi\u00e9e par le jeune architecte <b>Satchmo Jesop<\/b>, son <i>Process-book<\/i> associe classe et utilit\u00e9 avec une simplicit\u00e9 \u00e9pur\u00e9e. Disponible parmi les \u00e9tals de Square cette ann\u00e9e!\n<\/p>\n<div class=\"arx_pad_1 center_content\">\n<a href=\"http:\/\/unfold-it.ch\/\" target=\"_blank\"><img loading=\"lazy\" decoding=\"async\" src=\"http:\/\/cause.ch\/lab\/wp-content\/uploads\/2016\/12\/logo-\u00a9unfoldit2016.jpeg\" alt=\"logo-unfoldit2016\" width=\"150\" height=\"200\" class=\"alignnone size-full wp-image-2821\" \/><\/a>\n<\/div>\n<div class=\"arx_pad_2 center_content\">\n<div class=\"center_text arx_pad_0\" style=\"float:left\">\n<a href=\"https:\/\/www.facebook.com\/Unfold-it-1466310163623985\/\" target=\"_blank\"><img loading=\"lazy\" decoding=\"async\" src=\"http:\/\/cause.ch\/lab\/wp-content\/uploads\/2016\/12\/facebook-icon.png\" alt=\"facebook-icon\" width=\"32\" height=\"32\" class=\"alignnone size-full wp-image-2681\" \/><\/a>\n<\/div>\n<div class=\"center_text arx_pad_0\" style=\"float:right\">\n<a href=\"mailto:info@unfold-it.ch\" target=\"_top\"><img loading=\"lazy\" decoding=\"async\" src=\"http:\/\/cause.ch\/lab\/wp-content\/uploads\/2016\/12\/info-alt-128.png\" alt=\"info-alt-128\" width=\"32\" height=\"128\" class=\"alignnone size-full wp-image-2820\" \/><\/a>\n<\/div>\n<div class=\"center_text arx_pad_0\" style=\"float:center\">\n<a href=\"http:\/\/unfold-it.ch\/\" target=\"_blank\"><img loading=\"lazy\" decoding=\"async\" src=\"http:\/\/cause.ch\/lab\/wp-content\/uploads\/2016\/12\/title-\u00a9unfoldit2016.png\" alt=\"title-unfoldit2016\" width=\"157\" height=\"64\" class=\"alignnone size-full wp-image-2822\" \/><\/a>\n<\/div>\n<\/div>\n<p class=\"arx_0 center_content arx_pad_2\">\n&#8220;<i><b>Unfold-it est une marque Suisse de design qui englobe plusieurs activit\u00e9s \u00e0 la fois de conception d\u2019objets, de galerie d\u2019art ponctuelle, d\u2019\u00e9dition et de papeterie artisanale de luxe li\u00e9e aux arts et en particulier au dessin.<br \/>\nLe support de conception et d\u2019expression privil\u00e9gi\u00e9 d\u00e9velopp\u00e9 par la marque s\u2019appelle le ProcessBook qui se d\u00e9cline sous la forme d\u2019un carnet rechargeable, compos\u00e9 d\u2019une couverture libre \u00ab ProcessBook\/Cover \u00bb  et de supports de dessins de type cahiers cousus de diff\u00e9rentes factures ainsi que de leporellos interchangeables \u00ab ProcessBook\/Refill \u00bb.<br \/>\nLes produits 100% artisanaux de la marque sont pens\u00e9s afin d\u2019optimiser la conception, la recherche et l\u2019expression des id\u00e9es par le croquis, l\u2019\u00e9criture et le dessin.<\/i><\/b>&#8221;\n<\/p>\n<div class=\"arx_pad_2 center_text\">\n<img loading=\"lazy\" decoding=\"async\" src=\"http:\/\/cause.ch\/lab\/wp-content\/uploads\/2016\/12\/6-\u00a9unfoldit2016.jpg\" alt=\"6-unfoldit2016\" width=\"2048\" height=\"1367\" class=\"alignnone size-full wp-image-2819\" srcset=\"https:\/\/cause.ch\/lab\/wp-content\/uploads\/2016\/12\/6-\u00a9unfoldit2016.jpg 2048w, https:\/\/cause.ch\/lab\/wp-content\/uploads\/2016\/12\/6-\u00a9unfoldit2016-300x200.jpg 300w, https:\/\/cause.ch\/lab\/wp-content\/uploads\/2016\/12\/6-\u00a9unfoldit2016-1024x684.jpg 1024w, https:\/\/cause.ch\/lab\/wp-content\/uploads\/2016\/12\/6-\u00a9unfoldit2016-640x426.jpg 640w\" sizes=\"auto, (max-width: 2048px) 100vw, 2048px\" \/>\n<\/div>\n<div class=\"arx_pad_2 center_text\">\n<img loading=\"lazy\" decoding=\"async\" src=\"http:\/\/cause.ch\/lab\/wp-content\/uploads\/2016\/12\/5-\u00a9unfoldit2016.jpg\" alt=\"5-unfoldit2016\" width=\"2048\" height=\"1367\" class=\"alignnone size-full wp-image-2818\" srcset=\"https:\/\/cause.ch\/lab\/wp-content\/uploads\/2016\/12\/5-\u00a9unfoldit2016.jpg 2048w, https:\/\/cause.ch\/lab\/wp-content\/uploads\/2016\/12\/5-\u00a9unfoldit2016-300x200.jpg 300w, https:\/\/cause.ch\/lab\/wp-content\/uploads\/2016\/12\/5-\u00a9unfoldit2016-1024x684.jpg 1024w, https:\/\/cause.ch\/lab\/wp-content\/uploads\/2016\/12\/5-\u00a9unfoldit2016-640x426.jpg 640w\" sizes=\"auto, (max-width: 2048px) 100vw, 2048px\" \/>\n<\/div>\n<div class=\"arx_pad_2 center_text\">\n<img loading=\"lazy\" decoding=\"async\" src=\"http:\/\/cause.ch\/lab\/wp-content\/uploads\/2016\/12\/4-\u00a9unfoldit2016.jpg\" alt=\"4-unfoldit2016\" width=\"2048\" height=\"1367\" class=\"alignnone size-full wp-image-2817\" srcset=\"https:\/\/cause.ch\/lab\/wp-content\/uploads\/2016\/12\/4-\u00a9unfoldit2016.jpg 2048w, https:\/\/cause.ch\/lab\/wp-content\/uploads\/2016\/12\/4-\u00a9unfoldit2016-300x200.jpg 300w, https:\/\/cause.ch\/lab\/wp-content\/uploads\/2016\/12\/4-\u00a9unfoldit2016-1024x684.jpg 1024w, https:\/\/cause.ch\/lab\/wp-content\/uploads\/2016\/12\/4-\u00a9unfoldit2016-640x426.jpg 640w\" sizes=\"auto, (max-width: 2048px) 100vw, 2048px\" \/>\n<\/div>\n<p class=\"arx_0 center_content arx_pad_2\">\nLa qualit\u00e9 Swiss made:<br \/>\n&#8220;Les mati\u00e8res et papiers utilis\u00e9s  sont choisis parmi les mat\u00e9riaux les plus nobles\u201c toiles de lin, toiles et papiers de coton, cuirs v\u00e9ritables\u201d, afin de conf\u00e9rer \u00e0 chaque fois une exp\u00e9rience unique.<br \/>\nunfold-it  est particuli\u00e8rement attach\u00e9 au soin, \u00e0 la pr\u00e9cision, aux d\u00e9tails et  \u00e0 la tradition artisanale de la reliure et du fa\u00e7onnage \u00e0 la main.<br \/>\nLes produits sont ainsi int\u00e9gralement fabriqu\u00e9s en Suisse dans des ateliers situ\u00e9s autour de l\u2019art l\u00e9manique entre Gen\u00e8ve, Lausanne et Montreux.&#8221;\n<\/p>\n<div class=\"arx_pad_2 center_text\">\n<img loading=\"lazy\" decoding=\"async\" src=\"http:\/\/cause.ch\/lab\/wp-content\/uploads\/2016\/12\/3-\u00a9unfoldit2016.jpg\" alt=\"3-unfoldit2016\" width=\"1367\" height=\"2048\" class=\"alignnone size-full wp-image-2816\" srcset=\"https:\/\/cause.ch\/lab\/wp-content\/uploads\/2016\/12\/3-\u00a9unfoldit2016.jpg 1367w, https:\/\/cause.ch\/lab\/wp-content\/uploads\/2016\/12\/3-\u00a9unfoldit2016-200x300.jpg 200w, https:\/\/cause.ch\/lab\/wp-content\/uploads\/2016\/12\/3-\u00a9unfoldit2016-684x1024.jpg 684w\" sizes=\"auto, (max-width: 1367px) 100vw, 1367px\" \/>\n<\/div>\n<div class=\"arx_pad_2 center_text\">\n<img loading=\"lazy\" decoding=\"async\" src=\"http:\/\/cause.ch\/lab\/wp-content\/uploads\/2016\/12\/2-\u00a9unfoldit2016.jpg\" alt=\"2-unfoldit2016\" width=\"2048\" height=\"1367\" class=\"alignnone size-full wp-image-2815\" srcset=\"https:\/\/cause.ch\/lab\/wp-content\/uploads\/2016\/12\/2-\u00a9unfoldit2016.jpg 2048w, https:\/\/cause.ch\/lab\/wp-content\/uploads\/2016\/12\/2-\u00a9unfoldit2016-300x200.jpg 300w, https:\/\/cause.ch\/lab\/wp-content\/uploads\/2016\/12\/2-\u00a9unfoldit2016-1024x684.jpg 1024w, https:\/\/cause.ch\/lab\/wp-content\/uploads\/2016\/12\/2-\u00a9unfoldit2016-640x426.jpg 640w\" sizes=\"auto, (max-width: 2048px) 100vw, 2048px\" \/>\n<\/div>\n<div class=\"arx_pad_2 center_text\">\n<img loading=\"lazy\" decoding=\"async\" src=\"http:\/\/cause.ch\/lab\/wp-content\/uploads\/2016\/12\/1-\u00a9unfoldit2016.jpg\" alt=\"1-unfoldit2016\" width=\"2048\" height=\"1367\" class=\"alignnone size-full wp-image-2814\" srcset=\"https:\/\/cause.ch\/lab\/wp-content\/uploads\/2016\/12\/1-\u00a9unfoldit2016.jpg 2048w, https:\/\/cause.ch\/lab\/wp-content\/uploads\/2016\/12\/1-\u00a9unfoldit2016-300x200.jpg 300w, https:\/\/cause.ch\/lab\/wp-content\/uploads\/2016\/12\/1-\u00a9unfoldit2016-1024x684.jpg 1024w, https:\/\/cause.ch\/lab\/wp-content\/uploads\/2016\/12\/1-\u00a9unfoldit2016-640x426.jpg 640w\" sizes=\"auto, (max-width: 2048px) 100vw, 2048px\" \/>\n<\/div>\n","protected":false},"excerpt":{"rendered":"<p>Pour tous les esprits cr\u00e9atifs d&#8217;entre vous en qu\u00eate d&#8217;un support distingu\u00e9 pour \u00e9pancher votre inspiration, voici la collection des accessoires de la marque Unfold-it: initi\u00e9e par le jeune architecte Satchmo Jesop, son Process-book associe classe et utilit\u00e9 avec une simplicit\u00e9 \u00e9pur\u00e9e. Disponible parmi les \u00e9tals de Square cette ann\u00e9e! &#8220;Unfold-it est une marque Suisse [&hellip;]<\/p>\n","protected":false},"author":4,"featured_media":0,"comment_status":"open","ping_status":"open","sticky":false,"template":"","format":"standard","meta":{"footnotes":""},"categories":[1],"tags":[275,320,7,338,358,357,337,356,29],"class_list":["post-2812","post","type-post","status-publish","format-standard","hentry","category-we-are-the-cause","tag-275","tag-artisan","tag-cause","tag-marche-de-noel","tag-papeterie","tag-satchmo-jesop","tag-square","tag-unfold-it","tag-wearethecause"],"_links":{"self":[{"href":"https:\/\/cause.ch\/lab\/wp-json\/wp\/v2\/posts\/2812","targetHints":{"allow":["GET"]}}],"collection":[{"href":"https:\/\/cause.ch\/lab\/wp-json\/wp\/v2\/posts"}],"about":[{"href":"https:\/\/cause.ch\/lab\/wp-json\/wp\/v2\/types\/post"}],"author":[{"embeddable":true,"href":"https:\/\/cause.ch\/lab\/wp-json\/wp\/v2\/users\/4"}],"replies":[{"embeddable":true,"href":"https:\/\/cause.ch\/lab\/wp-json\/wp\/v2\/comments?post=2812"}],"version-history":[{"count":7,"href":"https:\/\/cause.ch\/lab\/wp-json\/wp\/v2\/posts\/2812\/revisions"}],"predecessor-version":[{"id":2829,"href":"https:\/\/cause.ch\/lab\/wp-json\/wp\/v2\/posts\/2812\/revisions\/2829"}],"wp:attachment":[{"href":"https:\/\/cause.ch\/lab\/wp-json\/wp\/v2\/media?parent=2812"}],"wp:term":[{"taxonomy":"category","embeddable":true,"href":"https:\/\/cause.ch\/lab\/wp-json\/wp\/v2\/categories?post=2812"},{"taxonomy":"post_tag","embeddable":true,"href":"https:\/\/cause.ch\/lab\/wp-json\/wp\/v2\/tags?post=2812"}],"curies":[{"name":"wp","href":"https:\/\/api.w.org\/{rel}","templated":true}]}}