{"id":2830,"date":"2016-12-08T12:15:58","date_gmt":"2016-12-08T11:15:58","guid":{"rendered":"http:\/\/cause.ch\/lab\/?p=2830"},"modified":"2016-12-09T15:07:56","modified_gmt":"2016-12-09T14:07:56","slug":"square-teaser-8-valentoine-valdom","status":"publish","type":"post","link":"https:\/\/cause.ch\/lab\/we-are-the-cause\/square-teaser-8-valentoine-valdom\/","title":{"rendered":"SQUARE Teaser #8: Valentoine \/ Val&#038;Dom"},"content":{"rendered":"<div class=\"arx_pad_2 center_text\">\n<a href=\"https:\/\/www.facebook.com\/events\/923664974435588\/\" target=\"_blank\"><img loading=\"lazy\" decoding=\"async\" src=\"http:\/\/cause.ch\/lab\/wp-content\/uploads\/2016\/12\/cyclop-smiley-logo-\u00a9cause2016.jpg\" alt=\"cyclop-smiley-logo-cause2016\" width=\"544\" height=\"404\" class=\"alignnone size-full wp-image-2831\" srcset=\"https:\/\/cause.ch\/lab\/wp-content\/uploads\/2016\/12\/cyclop-smiley-logo-\u00a9cause2016.jpg 544w, https:\/\/cause.ch\/lab\/wp-content\/uploads\/2016\/12\/cyclop-smiley-logo-\u00a9cause2016-300x223.jpg 300w\" sizes=\"auto, (max-width: 544px) 100vw, 544px\" \/><\/a>\n<\/div>\n<p class=\"arx_2_pages center_content arx_pad_0\">\nPour la premi\u00e8re \u00e9dition de son march\u00e9 de l&#8217;artisanat, Cause a le plaisir et l&#8217;honneur de r\u00e9server un espace pour les conceptions originales de deux marques lausannoises pleines de ressources: <b><a href=\"http:\/\/valentoine.bigcartel.com\/\" target=\"_blank\">valentoine<\/a><\/b> et <b>Val&#038;Dom<\/b>.\n<\/p>\n<p class=\"arx_2_pages center_content arx_pad_0\">\nLes deux collectifs concr\u00e9tisent la rencontre f\u00e9conde de cr\u00e9ateurs issus des domaines du design industriel, de la photographie, de la mode, du textile, de l&#8217;art et du graphisme.\n<\/p>\n<p class=\"arx_2_pages center_content arx_pad_0\">\nValentoine, une marque de pr\u00eat-\u00e0-porter \u00e9prise de nuances de gris et de jeux typographiques, r\u00e9v\u00e9lant les choix d&#8217;une couture stylistiquement aboutie.\n<\/p>\n<p class=\"arx_2_pages center_content arx_pad_0\">\nVal&#038;Dom, avec Maroir, sa collection de foulards en soie aux traits pr\u00e9cieux, semblables \u00e0 des objets d&#8217;arts, par\u00e9s des motifs fascinants de pierres captur\u00e9s au microscope.\n<\/p>\n<p class=\"arx_2_pages center_content arx_pad_2\">\nLe tout avanc\u00e9 par un sens accompli de la pr\u00e9sentation, pour une mise en valeur exceptionnelle d&#8217;une cr\u00e9ativit\u00e9 qui n&#8217;en m\u00e9rite pas moins.\n<\/p>\n<div class=\"arx_pad_1 center_content\">\n<img loading=\"lazy\" decoding=\"async\" src=\"http:\/\/cause.ch\/lab\/wp-content\/uploads\/2016\/12\/valdom-logo-\u00a9valdom2016.jpg\" alt=\"valdom-logo-valdom2016\" width=\"200\" height=\"272\" class=\"alignnone size-full wp-image-2837\" \/>\n<\/div>\n<div class=\"arx_pad_2 center_content\">\n<div class=\"center_text arx_pad_0\" style=\"float:left\">\n<a href=\"http:\/\/valentoine.tumblr.com\/\" target=\"_blank\"><img loading=\"lazy\" decoding=\"async\" src=\"http:\/\/cause.ch\/lab\/wp-content\/uploads\/2016\/12\/Tumblr.png\" alt=\"tumblr\" width=\"32\" height=\"1000\" class=\"alignnone size-full wp-image-2707\" \/><\/a>\n<\/div>\n<div class=\"center_text arx_pad_0\" style=\"float:right\">\n<a href=\"https:\/\/www.instagram.com\/valentoine\/\" target=\"_blank\"><img loading=\"lazy\" decoding=\"async\" src=\"http:\/\/cause.ch\/lab\/wp-content\/uploads\/2016\/12\/instagram-icon.png\" alt=\"instagram-icon\" width=\"32\" height=\"32\" class=\"alignnone size-full wp-image-2682\" \/><\/a>\n<\/div>\n<div class=\"center_text arx_pad_0\" style=\"float:center\">\n<a href=\"http:\/\/valentoine.bigcartel.com\/\" target=\"_blank\"><img loading=\"lazy\" decoding=\"async\" src=\"http:\/\/cause.ch\/lab\/wp-content\/uploads\/2016\/12\/VALENTOINE-logo-\u00a9valentoine2016.png\" alt=\"valentoine-logo-valentoine2016\" width=\"200\" height=\"25\" class=\"alignnone size-full wp-image-2841\" \/><\/a>\n<\/div>\n<\/div>\n<p class=\"arx_0 center_content arx_pad_2\">\n&#8220;<i><b>Valentoine est un projet issu d&#8217;une amiti\u00e9 entre une designer de mode, un designer industriel et un graphiste.\u00a0Aur\u00e9lia Joly, Valentin Bussard et Antoine Brack\u00a0ont uni leurs passions et leurs savoir-faire dans la cr\u00e9ation de pr\u00eat-\u00e0-porter\u00a0et d&#8217;objets.<\/i><\/b>&#8221;\n<\/p>\n<div class=\"arx_pad_2 center_text\">\n<img loading=\"lazy\" decoding=\"async\" src=\"http:\/\/cause.ch\/lab\/wp-content\/uploads\/2016\/12\/valentoine_n2_4-\u00a9valentoine2016.jpg\" alt=\"valentoine_n2_4-valentoine2016\" width=\"665\" height=\"1000\" class=\"alignnone size-full wp-image-2840\" srcset=\"https:\/\/cause.ch\/lab\/wp-content\/uploads\/2016\/12\/valentoine_n2_4-\u00a9valentoine2016.jpg 665w, https:\/\/cause.ch\/lab\/wp-content\/uploads\/2016\/12\/valentoine_n2_4-\u00a9valentoine2016-200x300.jpg 200w\" sizes=\"auto, (max-width: 665px) 100vw, 665px\" \/>\n<\/div>\n<div class=\"arx_pad_2 center_text\">\n<img loading=\"lazy\" decoding=\"async\" src=\"http:\/\/cause.ch\/lab\/wp-content\/uploads\/2016\/12\/valentoine_n2_1-\u00a9valentoine2016.jpg\" alt=\"valentoine_n2_1-valentoine2016\" width=\"1000\" height=\"665\" class=\"alignnone size-full wp-image-2839\" srcset=\"https:\/\/cause.ch\/lab\/wp-content\/uploads\/2016\/12\/valentoine_n2_1-\u00a9valentoine2016.jpg 1000w, https:\/\/cause.ch\/lab\/wp-content\/uploads\/2016\/12\/valentoine_n2_1-\u00a9valentoine2016-300x200.jpg 300w, https:\/\/cause.ch\/lab\/wp-content\/uploads\/2016\/12\/valentoine_n2_1-\u00a9valentoine2016-640x426.jpg 640w\" sizes=\"auto, (max-width: 1000px) 100vw, 1000px\" \/>\n<\/div>\n<div class=\"arx_pad_2 center_text\">\n<img loading=\"lazy\" decoding=\"async\" src=\"http:\/\/cause.ch\/lab\/wp-content\/uploads\/2016\/12\/valentoine_n1_3-\u00a9valentoine2016.jpg\" alt=\"valentoine_n1_3-valentoine2016\" width=\"1000\" height=\"666\" class=\"alignnone size-full wp-image-2838\" srcset=\"https:\/\/cause.ch\/lab\/wp-content\/uploads\/2016\/12\/valentoine_n1_3-\u00a9valentoine2016.jpg 1000w, https:\/\/cause.ch\/lab\/wp-content\/uploads\/2016\/12\/valentoine_n1_3-\u00a9valentoine2016-300x200.jpg 300w, https:\/\/cause.ch\/lab\/wp-content\/uploads\/2016\/12\/valentoine_n1_3-\u00a9valentoine2016-640x426.jpg 640w\" sizes=\"auto, (max-width: 1000px) 100vw, 1000px\" \/>\n<\/div>\n<div class=\"arx_pad_1 center_text\">\n<img loading=\"lazy\" decoding=\"async\" src=\"http:\/\/cause.ch\/lab\/wp-content\/uploads\/2016\/12\/maroir-\u00a9valdom2016.jpg\" alt=\"maroir-valdom2016\" width=\"200\" height=\"235\" class=\"alignnone size-full wp-image-2836\" \/>\n<\/div>\n<p class=\"arx_0 center_content arx_pad_2\">\n<b><i>&#8220;Une collection imagin\u00e9e par Valentin Bussard, Designer Industriel et Dominique Green, Artiste Photographe.<br \/>\nLa collection de foulards MAROIR a \u00e9t\u00e9 con\u00e7ue \u00e0 partir de visuels de pierre photographi\u00e9s au microscope.<br \/>\nCette cr\u00e9ation, d\u00e9clin\u00e9e en une s\u00e9rie de huit imprim\u00e9s fa\u00e7onn\u00e9s \u00e0 la main est limit\u00e9e \u00e0 3 \u00e9ditions.&#8221;<\/i><\/b>\n<\/p>\n<div class=\"arx_pad_2 center_text\">\n<img loading=\"lazy\" decoding=\"async\" src=\"http:\/\/cause.ch\/lab\/wp-content\/uploads\/2016\/12\/2-blanc-\u00a9valdom2016.jpg\" alt=\"2-blanc-valdom2016\" width=\"1000\" height=\"665\" class=\"alignnone size-full wp-image-2834\" srcset=\"https:\/\/cause.ch\/lab\/wp-content\/uploads\/2016\/12\/2-blanc-\u00a9valdom2016.jpg 1000w, https:\/\/cause.ch\/lab\/wp-content\/uploads\/2016\/12\/2-blanc-\u00a9valdom2016-300x200.jpg 300w, https:\/\/cause.ch\/lab\/wp-content\/uploads\/2016\/12\/2-blanc-\u00a9valdom2016-640x426.jpg 640w\" sizes=\"auto, (max-width: 1000px) 100vw, 1000px\" \/>\n<\/div>\n<div class=\"arx_pad_2 center_text\">\n<img loading=\"lazy\" decoding=\"async\" src=\"http:\/\/cause.ch\/lab\/wp-content\/uploads\/2016\/12\/4-blanc-\u00a9valdom2016.jpg\" alt=\"4-blanc-valdom2016\" width=\"1000\" height=\"665\" class=\"alignnone size-full wp-image-2846\" srcset=\"https:\/\/cause.ch\/lab\/wp-content\/uploads\/2016\/12\/4-blanc-\u00a9valdom2016.jpg 1000w, https:\/\/cause.ch\/lab\/wp-content\/uploads\/2016\/12\/4-blanc-\u00a9valdom2016-300x200.jpg 300w, https:\/\/cause.ch\/lab\/wp-content\/uploads\/2016\/12\/4-blanc-\u00a9valdom2016-640x426.jpg 640w\" sizes=\"auto, (max-width: 1000px) 100vw, 1000px\" \/>\n<\/div>\n<div class=\"arx_pad_2 center_text\">\n<img loading=\"lazy\" decoding=\"async\" src=\"http:\/\/cause.ch\/lab\/wp-content\/uploads\/2016\/12\/1-blanc-\u00a9valdom2016.jpg\" alt=\"1-blanc-valdom2016\" width=\"1000\" height=\"665\" class=\"alignnone size-full wp-image-2832\" srcset=\"https:\/\/cause.ch\/lab\/wp-content\/uploads\/2016\/12\/1-blanc-\u00a9valdom2016.jpg 1000w, https:\/\/cause.ch\/lab\/wp-content\/uploads\/2016\/12\/1-blanc-\u00a9valdom2016-300x200.jpg 300w, https:\/\/cause.ch\/lab\/wp-content\/uploads\/2016\/12\/1-blanc-\u00a9valdom2016-640x426.jpg 640w\" sizes=\"auto, (max-width: 1000px) 100vw, 1000px\" \/>\n<\/div>\n<div class=\"arx_pad_2 center_text\">\n<img loading=\"lazy\" decoding=\"async\" src=\"http:\/\/cause.ch\/lab\/wp-content\/uploads\/2016\/12\/3-blanc-\u00a9valdom2016.jpg\" alt=\"3-blanc-valdom2016\" width=\"1000\" height=\"665\" class=\"alignnone size-full wp-image-2845\" srcset=\"https:\/\/cause.ch\/lab\/wp-content\/uploads\/2016\/12\/3-blanc-\u00a9valdom2016.jpg 1000w, https:\/\/cause.ch\/lab\/wp-content\/uploads\/2016\/12\/3-blanc-\u00a9valdom2016-300x200.jpg 300w, https:\/\/cause.ch\/lab\/wp-content\/uploads\/2016\/12\/3-blanc-\u00a9valdom2016-640x426.jpg 640w\" sizes=\"auto, (max-width: 1000px) 100vw, 1000px\" \/>\n<\/div>\n","protected":false},"excerpt":{"rendered":"<p>Pour la premi\u00e8re \u00e9dition de son march\u00e9 de l&#8217;artisanat, Cause a le plaisir et l&#8217;honneur de r\u00e9server un espace pour les conceptions originales de deux marques lausannoises pleines de ressources: valentoine et Val&#038;Dom. Les deux collectifs concr\u00e9tisent la rencontre f\u00e9conde de cr\u00e9ateurs issus des domaines du design industriel, de la photographie, de la mode, du [&hellip;]<\/p>\n","protected":false},"author":4,"featured_media":0,"comment_status":"open","ping_status":"open","sticky":false,"template":"","format":"standard","meta":{"footnotes":""},"categories":[1],"tags":[275,341,7,361,338,364,157,360,359,363,362,29],"class_list":["post-2830","post","type-post","status-publish","format-standard","hentry","category-we-are-the-cause","tag-275","tag-artisans","tag-cause","tag-design","tag-marche-de-noel","tag-mode","tag-photographie","tag-pret-a-porter","tag-squre","tag-valdom","tag-valentoine","tag-wearethecause"],"_links":{"self":[{"href":"https:\/\/cause.ch\/lab\/wp-json\/wp\/v2\/posts\/2830","targetHints":{"allow":["GET"]}}],"collection":[{"href":"https:\/\/cause.ch\/lab\/wp-json\/wp\/v2\/posts"}],"about":[{"href":"https:\/\/cause.ch\/lab\/wp-json\/wp\/v2\/types\/post"}],"author":[{"embeddable":true,"href":"https:\/\/cause.ch\/lab\/wp-json\/wp\/v2\/users\/4"}],"replies":[{"embeddable":true,"href":"https:\/\/cause.ch\/lab\/wp-json\/wp\/v2\/comments?post=2830"}],"version-history":[{"count":10,"href":"https:\/\/cause.ch\/lab\/wp-json\/wp\/v2\/posts\/2830\/revisions"}],"predecessor-version":[{"id":2854,"href":"https:\/\/cause.ch\/lab\/wp-json\/wp\/v2\/posts\/2830\/revisions\/2854"}],"wp:attachment":[{"href":"https:\/\/cause.ch\/lab\/wp-json\/wp\/v2\/media?parent=2830"}],"wp:term":[{"taxonomy":"category","embeddable":true,"href":"https:\/\/cause.ch\/lab\/wp-json\/wp\/v2\/categories?post=2830"},{"taxonomy":"post_tag","embeddable":true,"href":"https:\/\/cause.ch\/lab\/wp-json\/wp\/v2\/tags?post=2830"}],"curies":[{"name":"wp","href":"https:\/\/api.w.org\/{rel}","templated":true}]}}