{"id":2887,"date":"2016-12-10T18:48:40","date_gmt":"2016-12-10T17:48:40","guid":{"rendered":"http:\/\/cause.ch\/lab\/?p=2887"},"modified":"2016-12-14T15:22:52","modified_gmt":"2016-12-14T14:22:52","slug":"square-teaser-11-stephanie-peck","status":"publish","type":"post","link":"https:\/\/cause.ch\/lab\/we-are-the-cause\/square-teaser-11-stephanie-peck\/","title":{"rendered":"SQUARE Teaser #11: Stephanie Peck"},"content":{"rendered":"<div class=\"arx_pad_2 center_text\">\n<a href=\"https:\/\/www.facebook.com\/events\/923664974435588\/\" target=\"_blank\"><img loading=\"lazy\" decoding=\"async\" src=\"http:\/\/cause.ch\/lab\/wp-content\/uploads\/2016\/12\/star-mosaic-logo-\u00a9cause2016.jpg\" alt=\"star-mosaic-logo-cause2016\" width=\"640\" height=\"646\" class=\"alignnone size-full wp-image-2888\" srcset=\"https:\/\/cause.ch\/lab\/wp-content\/uploads\/2016\/12\/star-mosaic-logo-\u00a9cause2016.jpg 640w, https:\/\/cause.ch\/lab\/wp-content\/uploads\/2016\/12\/star-mosaic-logo-\u00a9cause2016-150x150.jpg 150w, https:\/\/cause.ch\/lab\/wp-content\/uploads\/2016\/12\/star-mosaic-logo-\u00a9cause2016-297x300.jpg 297w\" sizes=\"auto, (max-width: 640px) 100vw, 640px\" \/><\/a>\n<\/div>\n<p class=\"arx_2_pages center_content arx_pad_2\">\nSquare aura aussi sa section galerie d&#8217;art regroupant une vari\u00e9t\u00e9 d&#8217;artistes exposants. On accueillera notamment l&#8217;univers rafraichissant de <b><a href=\"http:\/\/www.stephaniepeck.com\/\" target=\"_blank\">Stephanie Peck<\/a><\/b>, jeune ressortissante de la g\u00e9n\u00e9ration 2016 de l&#8217;\u00c9CAL. Quel que soit le support choisi, toiles peintes, oeuvres imprim\u00e9es, cartes de voeux et autres, l&#8217;artiste nous d\u00e9livre la sinc\u00e9rit\u00e9 d&#8217;un style enfantin qui fait toujours sourire. Au gr\u00e9 de fonds \u00e0 motifs r\u00e9currents, de sujets trait\u00e9s avec un humour taquin et beaucoup de l\u00e9g\u00e8ret\u00e9, de couleurs kitchs et trac\u00e9s sachant tirer profit de l&#8217;impr\u00e9vu, on sent s&#8217;affirmer une forte positivit\u00e9 dans l&#8217;intention de la cr\u00e9atrice. Pas de doute: vous vous laisserez charmer!\n<\/p>\n<div class=\"arx_pad_1 center_content\">\n<a href=\"http:\/\/www.stephaniepeck.com\/\" target=\"_blank\"><img loading=\"lazy\" decoding=\"async\" src=\"http:\/\/cause.ch\/lab\/wp-content\/uploads\/2016\/12\/sample-christmas-pudding-\u00a9stephaniepeck2016.jpg\" alt=\"sample-christmas-pudding-stephaniepeck2016\" width=\"110\" height=\"107\" class=\"alignnone size-full wp-image-2889\" \/><\/a>\n<\/div>\n<div class=\"arx_pad_2 center_content\">\n<div class=\"center_text arx_pad_0\" style=\"float:left\">\n<a href=\"https:\/\/memeauraitaime.com\/2016\/11\/28\/stephanie-peck-coppet\/\" target=\"_blank\"><img loading=\"lazy\" decoding=\"async\" src=\"http:\/\/cause.ch\/lab\/wp-content\/uploads\/2016\/12\/info-alt-128.png\" alt=\"info-alt-128\" width=\"32\" height=\"128\" class=\"alignnone size-full wp-image-2820\" \/><\/a>\n<\/div>\n<div class=\"center_text arx_pad_0\" style=\"float:right\">\n<a href=\"https:\/\/www.facebook.com\/stephanie.l.peck?fref=ts\" target=\"_blank\"><img loading=\"lazy\" decoding=\"async\" src=\"http:\/\/cause.ch\/lab\/wp-content\/uploads\/2016\/12\/facebook-icon.png\" alt=\"facebook-icon\" width=\"32\" height=\"32\" class=\"alignnone size-full wp-image-2681\" \/><\/a>\n<\/div>\n<div class=\"center_text arx_pad_0\" style=\"float:center\">\n<a href=\"http:\/\/www.stephaniepeck.com\/\" target=\"_blank\"><img loading=\"lazy\" decoding=\"async\" src=\"http:\/\/cause.ch\/lab\/wp-content\/uploads\/2016\/12\/title-\u00a9stephaniepeck2016.png\" alt=\"title-stephaniepeck2016\" width=\"250\" height=\"72\" class=\"alignnone size-full wp-image-2890\" \/><\/a>\n<\/div>\n<\/div>\n<p class=\"arx_0 center_content arx_pad_0\">\n&#8220;<i><b>Je repr\u00e9sente, majoritairement sous forme de motif r\u00e9p\u00e9t\u00e9 ou d&#8217;objet flottant sur fond uni, des sc\u00e8nes du quotidien, d&#8217;importantes \u0153uvres de l&#8217;histoire de l&#8217;art, mes origines anglaises et suisses ainsi que des courants de styles que je n&#8217;ai pas connu.<\/i><\/b>\n<\/p>\n<p class=\"arx_0 center_content arx_pad_0\">\n<i><b>Les sujets de mes illustrations sont vari\u00e9s et r\u00e9alis\u00e9s de fa\u00e7on digitale ou en peinture. Mon trait est tremblant et souvent je m&#8217;attache aux &#8220;erreurs&#8221; de construction, comme le trait de crayon ou la t\u00e2che, qui deviennent alors une force.<\/i><\/b>\n<\/p>\n<p class=\"arx_0 center_content arx_pad_0\">\n<i><b>Via mon travail, je souhaite toucher une certaine l\u00e9g\u00e8ret\u00e9 et &#8220;fra\u00eecheur&#8221;. Une \u00e9motion que je souhaite propager \u00e0 mon spectateur.<\/i><\/b>\n<\/p>\n<p class=\"arx_0 center_content arx_pad_2\">\n<i><b>Pour le march\u00e9 de No\u00ebl organis\u00e9 par l&#8217;\u00e9quipe CAUSE, je pr\u00e9pare des petites guirlandes qui respectent mon amour pour l&#8217;image r\u00e9p\u00e9t\u00e9e, ainsi que des sculptures de montagnes en sapin. Je pr\u00e9senterai \u00e9galement mon set de cartes r\u00e9alis\u00e9es pour la saison d&#8217;hiver. Chaque set contient 10 illustrations diff\u00e9rentes sur le th\u00e8me de la saison des f\u00eates.<\/i><\/b>&#8221;\n<\/p>\n<div class=\"arx_pad_2 center_text\">\n<img loading=\"lazy\" decoding=\"async\" src=\"http:\/\/cause.ch\/lab\/wp-content\/uploads\/2016\/12\/christmas-pudding-\u00a9stephaniepeck2016.png\" alt=\"christmas-pudding-stephaniepeck2016\" width=\"500\" height=\"707\" class=\"alignnone size-full wp-image-2891\" srcset=\"https:\/\/cause.ch\/lab\/wp-content\/uploads\/2016\/12\/christmas-pudding-\u00a9stephaniepeck2016.png 500w, https:\/\/cause.ch\/lab\/wp-content\/uploads\/2016\/12\/christmas-pudding-\u00a9stephaniepeck2016-212x300.png 212w\" sizes=\"auto, (max-width: 500px) 100vw, 500px\" \/>\n<\/div>\n<div class=\"arx_pad_2 center_text\">\n<img loading=\"lazy\" decoding=\"async\" src=\"http:\/\/cause.ch\/lab\/wp-content\/uploads\/2016\/12\/fondue-\u00a9stephaniepeck2016.png\" alt=\"fondue-stephaniepeck2016\" width=\"1000\" height=\"707\" class=\"alignnone size-full wp-image-2892\" srcset=\"https:\/\/cause.ch\/lab\/wp-content\/uploads\/2016\/12\/fondue-\u00a9stephaniepeck2016.png 1000w, https:\/\/cause.ch\/lab\/wp-content\/uploads\/2016\/12\/fondue-\u00a9stephaniepeck2016-300x212.png 300w\" sizes=\"auto, (max-width: 1000px) 100vw, 1000px\" \/>\n<\/div>\n<div class=\"arx_pad_2 center_text\">\n<img loading=\"lazy\" decoding=\"async\" src=\"http:\/\/cause.ch\/lab\/wp-content\/uploads\/2016\/12\/HOTWINE-\u00a9stephaniepeck2016.png\" alt=\"hotwine-stephaniepeck2016\" width=\"1000\" height=\"707\" class=\"alignnone size-full wp-image-2893\" srcset=\"https:\/\/cause.ch\/lab\/wp-content\/uploads\/2016\/12\/HOTWINE-\u00a9stephaniepeck2016.png 1000w, https:\/\/cause.ch\/lab\/wp-content\/uploads\/2016\/12\/HOTWINE-\u00a9stephaniepeck2016-300x212.png 300w\" sizes=\"auto, (max-width: 1000px) 100vw, 1000px\" \/>\n<\/div>\n<div class=\"arx_pad_2 center_text\">\n<img loading=\"lazy\" decoding=\"async\" src=\"http:\/\/cause.ch\/lab\/wp-content\/uploads\/2016\/12\/MIRKO-\u00a9stephaniepeck2016.png\" alt=\"mirko-stephaniepeck2016\" width=\"500\" height=\"606\" class=\"alignnone size-full wp-image-2894\" srcset=\"https:\/\/cause.ch\/lab\/wp-content\/uploads\/2016\/12\/MIRKO-\u00a9stephaniepeck2016.png 500w, https:\/\/cause.ch\/lab\/wp-content\/uploads\/2016\/12\/MIRKO-\u00a9stephaniepeck2016-248x300.png 248w\" sizes=\"auto, (max-width: 500px) 100vw, 500px\" \/>\n<\/div>\n<div class=\"arx_pad_2 center_text\">\n<img loading=\"lazy\" decoding=\"async\" src=\"http:\/\/cause.ch\/lab\/wp-content\/uploads\/2016\/12\/norway-\u00a9stephaniepeck2016.png\" alt=\"norway-stephaniepeck2016\" width=\"500\" height=\"600\" class=\"alignnone size-full wp-image-2895\" srcset=\"https:\/\/cause.ch\/lab\/wp-content\/uploads\/2016\/12\/norway-\u00a9stephaniepeck2016.png 500w, https:\/\/cause.ch\/lab\/wp-content\/uploads\/2016\/12\/norway-\u00a9stephaniepeck2016-250x300.png 250w\" sizes=\"auto, (max-width: 500px) 100vw, 500px\" \/>\n<\/div>\n<div class=\"arx_pad_2 center_text\">\n<img loading=\"lazy\" decoding=\"async\" src=\"http:\/\/cause.ch\/lab\/wp-content\/uploads\/2016\/12\/RACLETTE-\u00a9stephaniepeck2016.png\" alt=\"raclette-stephaniepeck2016\" width=\"500\" height=\"707\" class=\"alignnone size-full wp-image-2896\" srcset=\"https:\/\/cause.ch\/lab\/wp-content\/uploads\/2016\/12\/RACLETTE-\u00a9stephaniepeck2016.png 500w, https:\/\/cause.ch\/lab\/wp-content\/uploads\/2016\/12\/RACLETTE-\u00a9stephaniepeck2016-212x300.png 212w\" sizes=\"auto, (max-width: 500px) 100vw, 500px\" \/>\n<\/div>\n<div class=\"arx_pad_2 center_text\">\n<img loading=\"lazy\" decoding=\"async\" src=\"http:\/\/cause.ch\/lab\/wp-content\/uploads\/2016\/12\/SANTABABY-\u00a9stephaniepeck2016.png\" alt=\"santababy-stephaniepeck2016\" width=\"500\" height=\"707\" class=\"alignnone size-full wp-image-2897\" srcset=\"https:\/\/cause.ch\/lab\/wp-content\/uploads\/2016\/12\/SANTABABY-\u00a9stephaniepeck2016.png 500w, https:\/\/cause.ch\/lab\/wp-content\/uploads\/2016\/12\/SANTABABY-\u00a9stephaniepeck2016-212x300.png 212w\" sizes=\"auto, (max-width: 500px) 100vw, 500px\" \/>\n<\/div>\n<div class=\"arx_pad_2 center_text\">\n<img loading=\"lazy\" decoding=\"async\" src=\"http:\/\/cause.ch\/lab\/wp-content\/uploads\/2016\/12\/SANTASHOUSE-\u00a9stephaniepeck2016.png\" alt=\"santashouse-stephaniepeck2016\" width=\"500\" height=\"707\" class=\"alignnone size-full wp-image-2898\" srcset=\"https:\/\/cause.ch\/lab\/wp-content\/uploads\/2016\/12\/SANTASHOUSE-\u00a9stephaniepeck2016.png 500w, https:\/\/cause.ch\/lab\/wp-content\/uploads\/2016\/12\/SANTASHOUSE-\u00a9stephaniepeck2016-212x300.png 212w\" sizes=\"auto, (max-width: 500px) 100vw, 500px\" \/>\n<\/div>\n<div class=\"arx_pad_2 center_text\">\n<img loading=\"lazy\" decoding=\"async\" src=\"http:\/\/cause.ch\/lab\/wp-content\/uploads\/2016\/12\/UGG-\u00a9stephaniepeck2016.png\" alt=\"ugg-stephaniepeck2016\" width=\"500\" height=\"707\" class=\"alignnone size-full wp-image-2899\" srcset=\"https:\/\/cause.ch\/lab\/wp-content\/uploads\/2016\/12\/UGG-\u00a9stephaniepeck2016.png 500w, https:\/\/cause.ch\/lab\/wp-content\/uploads\/2016\/12\/UGG-\u00a9stephaniepeck2016-212x300.png 212w\" sizes=\"auto, (max-width: 500px) 100vw, 500px\" \/>\n<\/div>\n<div class=\"arx_pad_2 center_text\">\n<img loading=\"lazy\" decoding=\"async\" src=\"http:\/\/cause.ch\/lab\/wp-content\/uploads\/2016\/12\/XMASJUMPER-\u00a9stephaniepeck2016.png\" alt=\"xmasjumper-stephaniepeck2016\" width=\"500\" height=\"707\" class=\"alignnone size-full wp-image-2900\" srcset=\"https:\/\/cause.ch\/lab\/wp-content\/uploads\/2016\/12\/XMASJUMPER-\u00a9stephaniepeck2016.png 500w, https:\/\/cause.ch\/lab\/wp-content\/uploads\/2016\/12\/XMASJUMPER-\u00a9stephaniepeck2016-212x300.png 212w\" sizes=\"auto, (max-width: 500px) 100vw, 500px\" \/>\n<\/div>\n","protected":false},"excerpt":{"rendered":"<p>Square aura aussi sa section galerie d&#8217;art regroupant une vari\u00e9t\u00e9 d&#8217;artistes exposants. On accueillera notamment l&#8217;univers rafraichissant de Stephanie Peck, jeune ressortissante de la g\u00e9n\u00e9ration 2016 de l&#8217;\u00c9CAL. Quel que soit le support choisi, toiles peintes, oeuvres imprim\u00e9es, cartes de voeux et autres, l&#8217;artiste nous d\u00e9livre la sinc\u00e9rit\u00e9 d&#8217;un style enfantin qui fait toujours sourire. [&hellip;]<\/p>\n","protected":false},"author":4,"featured_media":0,"comment_status":"open","ping_status":"open","sticky":false,"template":"","format":"standard","meta":{"footnotes":""},"categories":[1],"tags":[275,175,320,7,338,337,371,29],"class_list":["post-2887","post","type-post","status-publish","format-standard","hentry","category-we-are-the-cause","tag-275","tag-art","tag-artisan","tag-cause","tag-marche-de-noel","tag-square","tag-stephanie-peck","tag-wearethecause"],"_links":{"self":[{"href":"https:\/\/cause.ch\/lab\/wp-json\/wp\/v2\/posts\/2887","targetHints":{"allow":["GET"]}}],"collection":[{"href":"https:\/\/cause.ch\/lab\/wp-json\/wp\/v2\/posts"}],"about":[{"href":"https:\/\/cause.ch\/lab\/wp-json\/wp\/v2\/types\/post"}],"author":[{"embeddable":true,"href":"https:\/\/cause.ch\/lab\/wp-json\/wp\/v2\/users\/4"}],"replies":[{"embeddable":true,"href":"https:\/\/cause.ch\/lab\/wp-json\/wp\/v2\/comments?post=2887"}],"version-history":[{"count":8,"href":"https:\/\/cause.ch\/lab\/wp-json\/wp\/v2\/posts\/2887\/revisions"}],"predecessor-version":[{"id":3021,"href":"https:\/\/cause.ch\/lab\/wp-json\/wp\/v2\/posts\/2887\/revisions\/3021"}],"wp:attachment":[{"href":"https:\/\/cause.ch\/lab\/wp-json\/wp\/v2\/media?parent=2887"}],"wp:term":[{"taxonomy":"category","embeddable":true,"href":"https:\/\/cause.ch\/lab\/wp-json\/wp\/v2\/categories?post=2887"},{"taxonomy":"post_tag","embeddable":true,"href":"https:\/\/cause.ch\/lab\/wp-json\/wp\/v2\/tags?post=2887"}],"curies":[{"name":"wp","href":"https:\/\/api.w.org\/{rel}","templated":true}]}}