{"id":2910,"date":"2016-12-12T11:39:42","date_gmt":"2016-12-12T10:39:42","guid":{"rendered":"http:\/\/cause.ch\/lab\/?p=2910"},"modified":"2016-12-14T18:23:59","modified_gmt":"2016-12-14T17:23:59","slug":"square-2016-the-final-countdown","status":"publish","type":"post","link":"https:\/\/cause.ch\/lab\/we-are-the-cause\/square-2016-the-final-countdown\/","title":{"rendered":"Square 2016: the final countdown"},"content":{"rendered":"<div class=\"arx_pad_2 center_text\">\n<a href=\"https:\/\/www.facebook.com\/events\/923664974435588\/\" target=\"_blank\"><img loading=\"lazy\" decoding=\"async\" src=\"http:\/\/cause.ch\/lab\/wp-content\/uploads\/2016\/11\/affiche-square-\u00a9cause2016.jpg\" alt=\"affiche-square-cause2016\" width=\"993\" height=\"1262\" class=\"alignnone size-full wp-image-2656\" srcset=\"https:\/\/cause.ch\/lab\/wp-content\/uploads\/2016\/11\/affiche-square-\u00a9cause2016.jpg 993w, https:\/\/cause.ch\/lab\/wp-content\/uploads\/2016\/11\/affiche-square-\u00a9cause2016-236x300.jpg 236w, https:\/\/cause.ch\/lab\/wp-content\/uploads\/2016\/11\/affiche-square-\u00a9cause2016-806x1024.jpg 806w\" sizes=\"auto, (max-width: 993px) 100vw, 993px\" \/><\/a>\n<\/div>\n<p class=\"arx_2_pages center_content arx_pad_1\">\nSQUARE<br \/>\n<b>March\u00e9 de No\u00ebl<\/b><br \/>\nle <b>17.12.16<\/b> de <b>10:00<\/b> \u00e0 <b>21:00<\/b><br \/>\nRte de Nyon 48 \/ Z.I. de la Ballasti\u00e8re \u00e0 Gland\n<\/p>\n<p class=\"arx_2_pages center_content arx_pad_1\">\n<b>On y est, No\u00ebl arrive \u00e0 grands pas, et c&#8217;est derni\u00e8re la ligne droite avant la premi\u00e8re \u00e9dition de <a href=\"https:\/\/www.facebook.com\/events\/923664974435588\/\" target=\"_blank\">Square<\/a>, l&#8217;\u00e9v\u00e8nement Cause pour marquer la fin de cette ann\u00e9e 2016 tout en festivit\u00e9s. Pour ceux qui ne le savent pas encore, il s&#8217;agit d&#8217;un march\u00e9 de l&#8217;artisanat qui se tiendra dans le hangar de nos locaux de la Ballasti\u00e8re \u00e0 Gland, de 10:00 \u00e0 21:00 ce samedi 17 d\u00e9cembre. <\/b>\n<\/p>\n<p class=\"arx_2_pages center_content arx_pad_1\">\nEt qu&#8217;on se le dise franchement, il est plus qu&#8217;\u00e9vident que tu n&#8217;as rien de mieux \u00e0 faire ce jour-l\u00e0: on annonce grand beau, pas un pet de neige \u00e0 la montagne, et toi qui patauge en plein d\u00e9sespoir n&#8217;ayant toujours pas trouv\u00e9 quoi mettre sous le sapin pour belle maman. Pas la moindre excuse valable du coup, s\u00fbr qu&#8217;on se verra samedi!\n<\/p>\n<p class=\"arx_2_pages center_content arx_pad_1\">\n<b>Alors pour r\u00e9sumer: l&#8217;id\u00e9e a \u00e9t\u00e9 de convier une palette richement vari\u00e9e d&#8217;artisans, cr\u00e9ateurs et artistes connus parmi l&#8217;entourage inspir\u00e9 de notre association, \u00e0 occuper un espace de vente et de mise en valeur de leurs oeuvres et produits. Il sera ainsi donn\u00e9 au public la possibilit\u00e9 d&#8217;explorer l&#8217;univers d&#8217;une vingtaine de participants confirm\u00e9s, impatients de vous accueillir, et dont les profils sont \u00e0 d\u00e9couvrir sur les pages de notre <a href=\"http:\/\/cause.ch\/lab\/blog\/\" target=\"_blank\">blog<\/a> ainsi que sur le mur de l&#8217;<a href=\"https:\/\/www.facebook.com\/events\/923664974435588\/\" target=\"_blank\">\u00e9v\u00e8nement Facebook<\/a>!<\/b>\n<\/p>\n<p class=\"arx_2_pages center_content arx_pad_1\">\nServant \u00e9videmment de pr\u00e9texte id\u00e9al \u00e0 une ultime course aux cadeaux en vue des f\u00eates imminentes, l\u2019\u00e9v\u00e8nement prendra aussi l\u2019aspect d\u2019une foire culinaire et culturelle, un lieu d\u2019exposition et de promotion artistique. Ce sera l\u00e0 bien s\u00fbr \u00e9galement une belle occasion de recevoir chez nous tous nos amis, partenaires et collaborateurs, pour partager un verre dans la convivialit\u00e9 propre \u00e0 cette p\u00e9riode festive de fin d\u2019ann\u00e9e.\n<\/p>\n<p class=\"arx_2_pages center_content arx_pad_2\">\n<b>Annulez donc tous vos autres plans pour assurer votre pr\u00e9sence \u00e0 ce qui promet d\u2019\u00eatre un rassemblement de joie et de d\u00e9couvertes, c\u00e9l\u00e9brant le talent et l\u2019originalit\u00e9 d\u2019une foule de cr\u00e9ateurs de la r\u00e9gion r\u00e9unis pour l\u2019occasion!<\/b><\/p>\n","protected":false},"excerpt":{"rendered":"<p>SQUARE March\u00e9 de No\u00ebl le 17.12.16 de 10:00 \u00e0 21:00 Rte de Nyon 48 \/ Z.I. de la Ballasti\u00e8re \u00e0 Gland On y est, No\u00ebl arrive \u00e0 grands pas, et c&#8217;est derni\u00e8re la ligne droite avant la premi\u00e8re \u00e9dition de Square, l&#8217;\u00e9v\u00e8nement Cause pour marquer la fin de cette ann\u00e9e 2016 tout en festivit\u00e9s. Pour [&hellip;]<\/p>\n","protected":false},"author":4,"featured_media":0,"comment_status":"open","ping_status":"open","sticky":false,"template":"","format":"standard","meta":{"footnotes":""},"categories":[1],"tags":[275,338,372,337,29],"class_list":["post-2910","post","type-post","status-publish","format-standard","hentry","category-we-are-the-cause","tag-275","tag-marche-de-noel","tag-marche-des-artisans","tag-square","tag-wearethecause"],"_links":{"self":[{"href":"https:\/\/cause.ch\/lab\/wp-json\/wp\/v2\/posts\/2910","targetHints":{"allow":["GET"]}}],"collection":[{"href":"https:\/\/cause.ch\/lab\/wp-json\/wp\/v2\/posts"}],"about":[{"href":"https:\/\/cause.ch\/lab\/wp-json\/wp\/v2\/types\/post"}],"author":[{"embeddable":true,"href":"https:\/\/cause.ch\/lab\/wp-json\/wp\/v2\/users\/4"}],"replies":[{"embeddable":true,"href":"https:\/\/cause.ch\/lab\/wp-json\/wp\/v2\/comments?post=2910"}],"version-history":[{"count":9,"href":"https:\/\/cause.ch\/lab\/wp-json\/wp\/v2\/posts\/2910\/revisions"}],"predecessor-version":[{"id":3059,"href":"https:\/\/cause.ch\/lab\/wp-json\/wp\/v2\/posts\/2910\/revisions\/3059"}],"wp:attachment":[{"href":"https:\/\/cause.ch\/lab\/wp-json\/wp\/v2\/media?parent=2910"}],"wp:term":[{"taxonomy":"category","embeddable":true,"href":"https:\/\/cause.ch\/lab\/wp-json\/wp\/v2\/categories?post=2910"},{"taxonomy":"post_tag","embeddable":true,"href":"https:\/\/cause.ch\/lab\/wp-json\/wp\/v2\/tags?post=2910"}],"curies":[{"name":"wp","href":"https:\/\/api.w.org\/{rel}","templated":true}]}}