{"id":2918,"date":"2016-12-12T12:46:01","date_gmt":"2016-12-12T11:46:01","guid":{"rendered":"http:\/\/cause.ch\/lab\/?p=2918"},"modified":"2016-12-12T12:46:01","modified_gmt":"2016-12-12T11:46:01","slug":"square-teaser-12-les-ateliers-baume","status":"publish","type":"post","link":"https:\/\/cause.ch\/lab\/we-are-the-cause\/square-teaser-12-les-ateliers-baume\/","title":{"rendered":"SQUARE Teaser #12: les Ateliers Baume"},"content":{"rendered":"<div class=\"arx_pad_2 center_text\">\n<a href=\"https:\/\/www.facebook.com\/events\/923664974435588\/\" target=\"_blank\"><img loading=\"lazy\" decoding=\"async\" src=\"http:\/\/cause.ch\/lab\/wp-content\/uploads\/2016\/12\/snowflake-smiley-logo-\u00a9cause2016.jpg\" alt=\"snowflake-smiley-logo-cause2016\" width=\"640\" height=\"638\" class=\"alignnone size-full wp-image-2927\" srcset=\"https:\/\/cause.ch\/lab\/wp-content\/uploads\/2016\/12\/snowflake-smiley-logo-\u00a9cause2016.jpg 640w, https:\/\/cause.ch\/lab\/wp-content\/uploads\/2016\/12\/snowflake-smiley-logo-\u00a9cause2016-150x150.jpg 150w, https:\/\/cause.ch\/lab\/wp-content\/uploads\/2016\/12\/snowflake-smiley-logo-\u00a9cause2016-300x300.jpg 300w\" sizes=\"auto, (max-width: 640px) 100vw, 640px\" \/><\/a>\n<\/div>\n<p class=\"arx_2_pages center_content arx_pad_2\">\nL&#8217;\u00e9treinte de l&#8217;hiver est aussi propice \u00e0 faire r\u00eaver de chaleur, de soleil, d&#8217;\u00e9cume et de plages dor\u00e9es. La crew de l&#8217;association <b><a href=\"http:\/\/lesateliersbaume.ch\/\" target=\"_blank\">les Ateliers Baume<\/a><\/b> d\u00e9barque \u00e0 Square ce samedi dans une ambiance estivale pour nous transporter vers ces horizons sabl\u00e9s. Ces passionn\u00e9s de glisse et de vagues fa\u00e7onnent dans leur \u00e9tabli crissi\u00e9rois des planches au lissage exquis piqu\u00e9 d&#8217;une magnifique finition. Les prestations du collectif couvrent la confection, la r\u00e9paration et la location de surfs. Il propose surtout un accompagnement pour toutes personnes d\u00e9sirant concevoir leur propre planche. Du choix du model au gla\u00e7age final en passant par la commande du mat\u00e9riel et la pose des ailerons, toutes les \u00e9tapes sont guid\u00e9es et assur\u00e9es par les shapers de l\u2019association!\n<\/p>\n<div class=\"arx_pad_2 center_content\">\n<div class=\"center_text arx_pad_0\" style=\"float:left\">\n<a href=\"https:\/\/www.facebook.com\/lesateliersbaume\/?fref=ts\" target=\"_blank\"><img loading=\"lazy\" decoding=\"async\" src=\"http:\/\/cause.ch\/lab\/wp-content\/uploads\/2016\/12\/facebook-icon.png\" alt=\"facebook-icon\" width=\"32\" height=\"32\" class=\"alignnone size-full wp-image-2681\" \/><\/a>\n<\/div>\n<div class=\"center_text arx_pad_0\" style=\"float:right\">\n<a href=\"https:\/\/www.instagram.com\/lesateliersbaume\/\" target=\"_blank\"><img loading=\"lazy\" decoding=\"async\" src=\"http:\/\/cause.ch\/lab\/wp-content\/uploads\/2016\/12\/instagram-icon.png\" alt=\"instagram-icon\" width=\"32\" height=\"32\" class=\"alignnone size-full wp-image-2682\" \/><\/a>\n<\/div>\n<div class=\"center_text arx_pad_0\" style=\"float:center\">\n<a href=\"http:\/\/lesateliersbaume.ch\/\" target=\"_blank\"><img loading=\"lazy\" decoding=\"async\" src=\"http:\/\/cause.ch\/lab\/wp-content\/uploads\/2016\/12\/logo-\u00a9lesateliersbaume2016.jpg\" alt=\"logo-lesateliersbaume2016\" width=\"250\" height=\"146\" class=\"alignnone size-full wp-image-2928\" \/><\/a>\n<\/div>\n<\/div>\n<p class=\"arx_0 center_content arx_pad_2\">\n&#8220;<i><b>L\u2019association Les Ateliers Baume na\u00eet de la rencontre de quatre jeunes romands passionn\u00e9s par les vagues, l\u2019oc\u00e9an et l\u2019\u00e9nergie qui l\u2019anime. Loin des c\u00f4tes, Tim, Tom, Alex et Damien s\u2019imaginent suivre ces ondes en confectionnant leurs propres planches de surf dans les chambres d\u2019une ancienne ferme proche de Lausanne. Ces Ateliers ouvrent leurs portes aux voyageurs-surfeurs d\u00e9sirant pr\u00e9parer leur prochaine escapade avec un mat\u00e9riel adapt\u00e9 et personnalis\u00e9. Le savoir faire d\u00e9velopp\u00e9 d\u2019Afrique du Sud en Californie en passant par la c\u00f4te Landaise garantit un conseil et un accompagnement de haute qualit\u00e9.<\/b><\/i>&#8221;<\/p>\n<div class=\"arx_pad_2 center_text\">\n<img loading=\"lazy\" decoding=\"async\" src=\"http:\/\/cause.ch\/lab\/wp-content\/uploads\/2016\/12\/trio-\u00a9lesateliersbaume2016.jpg\" alt=\"Processed with VSCO with h6 preset\" width=\"1200\" height=\"1600\" class=\"alignnone size-full wp-image-2925\" srcset=\"https:\/\/cause.ch\/lab\/wp-content\/uploads\/2016\/12\/trio-\u00a9lesateliersbaume2016.jpg 1200w, https:\/\/cause.ch\/lab\/wp-content\/uploads\/2016\/12\/trio-\u00a9lesateliersbaume2016-225x300.jpg 225w, https:\/\/cause.ch\/lab\/wp-content\/uploads\/2016\/12\/trio-\u00a9lesateliersbaume2016-768x1024.jpg 768w\" sizes=\"auto, (max-width: 1200px) 100vw, 1200px\" \/>\n<\/div>\n<div class=\"arx_pad_2 center_text\">\n<img loading=\"lazy\" decoding=\"async\" src=\"http:\/\/cause.ch\/lab\/wp-content\/uploads\/2016\/12\/x-ray-\u00a9lesateliersbaume2016.jpg\" alt=\"x-ray-lesateliersbaume2016\" width=\"640\" height=\"966\" class=\"alignnone size-full wp-image-2926\" srcset=\"https:\/\/cause.ch\/lab\/wp-content\/uploads\/2016\/12\/x-ray-\u00a9lesateliersbaume2016.jpg 640w, https:\/\/cause.ch\/lab\/wp-content\/uploads\/2016\/12\/x-ray-\u00a9lesateliersbaume2016-199x300.jpg 199w\" sizes=\"auto, (max-width: 640px) 100vw, 640px\" \/>\n<\/div>\n<div class=\"arx_pad_2 center_text\">\n<img loading=\"lazy\" decoding=\"async\" src=\"http:\/\/cause.ch\/lab\/wp-content\/uploads\/2016\/12\/surf-\u00a9lesateliersbaume2016.jpg\" alt=\"surf-lesateliersbaume2016\" width=\"1296\" height=\"972\" class=\"alignnone size-full wp-image-2924\" srcset=\"https:\/\/cause.ch\/lab\/wp-content\/uploads\/2016\/12\/surf-\u00a9lesateliersbaume2016.jpg 1296w, https:\/\/cause.ch\/lab\/wp-content\/uploads\/2016\/12\/surf-\u00a9lesateliersbaume2016-300x225.jpg 300w, https:\/\/cause.ch\/lab\/wp-content\/uploads\/2016\/12\/surf-\u00a9lesateliersbaume2016-1024x768.jpg 1024w\" sizes=\"auto, (max-width: 1296px) 100vw, 1296px\" \/>\n<\/div>\n<div class=\"arx_pad_2 center_text\">\n<img loading=\"lazy\" decoding=\"async\" src=\"http:\/\/cause.ch\/lab\/wp-content\/uploads\/2016\/12\/lab-\u00a9lesateliersbaume2016.jpg\" alt=\"lab-lesateliersbaume2016\" width=\"966\" height=\"640\" class=\"alignnone size-full wp-image-2922\" srcset=\"https:\/\/cause.ch\/lab\/wp-content\/uploads\/2016\/12\/lab-\u00a9lesateliersbaume2016.jpg 966w, https:\/\/cause.ch\/lab\/wp-content\/uploads\/2016\/12\/lab-\u00a9lesateliersbaume2016-300x199.jpg 300w\" sizes=\"auto, (max-width: 966px) 100vw, 966px\" \/>\n<\/div>\n<div class=\"arx_pad_2 center_text\">\n<img loading=\"lazy\" decoding=\"async\" src=\"http:\/\/cause.ch\/lab\/wp-content\/uploads\/2016\/12\/kid-\u00a9lesateliersbaume2016.jpg\" alt=\"Processed with VSCO with a6 preset\" width=\"1600\" height=\"1200\" class=\"alignnone size-full wp-image-2921\" srcset=\"https:\/\/cause.ch\/lab\/wp-content\/uploads\/2016\/12\/kid-\u00a9lesateliersbaume2016.jpg 1600w, https:\/\/cause.ch\/lab\/wp-content\/uploads\/2016\/12\/kid-\u00a9lesateliersbaume2016-300x225.jpg 300w, https:\/\/cause.ch\/lab\/wp-content\/uploads\/2016\/12\/kid-\u00a9lesateliersbaume2016-1024x768.jpg 1024w\" sizes=\"auto, (max-width: 1600px) 100vw, 1600px\" \/>\n<\/div>\n<div class=\"arx_pad_2 center_text\">\n<img loading=\"lazy\" decoding=\"async\" src=\"http:\/\/cause.ch\/lab\/wp-content\/uploads\/2016\/12\/fin-\u00a9lesateliersbaume2016.jpg\" alt=\"fin-lesateliersbaume2016\" width=\"853\" height=\"640\" class=\"alignnone size-full wp-image-2920\" srcset=\"https:\/\/cause.ch\/lab\/wp-content\/uploads\/2016\/12\/fin-\u00a9lesateliersbaume2016.jpg 853w, https:\/\/cause.ch\/lab\/wp-content\/uploads\/2016\/12\/fin-\u00a9lesateliersbaume2016-300x225.jpg 300w\" sizes=\"auto, (max-width: 853px) 100vw, 853px\" \/>\n<\/div>\n<div class=\"arx_pad_2 center_text\">\n<img loading=\"lazy\" decoding=\"async\" src=\"http:\/\/cause.ch\/lab\/wp-content\/uploads\/2016\/12\/cut-\u00a9lesateliersbaume2016.jpg\" alt=\"Processed with VSCO with h6 preset\" width=\"1200\" height=\"1600\" class=\"alignnone size-full wp-image-2919\" srcset=\"https:\/\/cause.ch\/lab\/wp-content\/uploads\/2016\/12\/cut-\u00a9lesateliersbaume2016.jpg 1200w, https:\/\/cause.ch\/lab\/wp-content\/uploads\/2016\/12\/cut-\u00a9lesateliersbaume2016-225x300.jpg 225w, https:\/\/cause.ch\/lab\/wp-content\/uploads\/2016\/12\/cut-\u00a9lesateliersbaume2016-768x1024.jpg 768w\" sizes=\"auto, (max-width: 1200px) 100vw, 1200px\" \/>\n<\/div>\n","protected":false},"excerpt":{"rendered":"<p>L&#8217;\u00e9treinte de l&#8217;hiver est aussi propice \u00e0 faire r\u00eaver de chaleur, de soleil, d&#8217;\u00e9cume et de plages dor\u00e9es. La crew de l&#8217;association les Ateliers Baume d\u00e9barque \u00e0 Square ce samedi dans une ambiance estivale pour nous transporter vers ces horizons sabl\u00e9s. Ces passionn\u00e9s de glisse et de vagues fa\u00e7onnent dans leur \u00e9tabli crissi\u00e9rois des planches [&hellip;]<\/p>\n","protected":false},"author":4,"featured_media":0,"comment_status":"open","ping_status":"open","sticky":false,"template":"","format":"standard","meta":{"footnotes":""},"categories":[1],"tags":[275,341,373,7,338,375,337,374,29],"class_list":["post-2918","post","type-post","status-publish","format-standard","hentry","category-we-are-the-cause","tag-275","tag-artisans","tag-ateliers-baume","tag-cause","tag-marche-de-noel","tag-planches","tag-square","tag-surf","tag-wearethecause"],"_links":{"self":[{"href":"https:\/\/cause.ch\/lab\/wp-json\/wp\/v2\/posts\/2918","targetHints":{"allow":["GET"]}}],"collection":[{"href":"https:\/\/cause.ch\/lab\/wp-json\/wp\/v2\/posts"}],"about":[{"href":"https:\/\/cause.ch\/lab\/wp-json\/wp\/v2\/types\/post"}],"author":[{"embeddable":true,"href":"https:\/\/cause.ch\/lab\/wp-json\/wp\/v2\/users\/4"}],"replies":[{"embeddable":true,"href":"https:\/\/cause.ch\/lab\/wp-json\/wp\/v2\/comments?post=2918"}],"version-history":[{"count":5,"href":"https:\/\/cause.ch\/lab\/wp-json\/wp\/v2\/posts\/2918\/revisions"}],"predecessor-version":[{"id":2934,"href":"https:\/\/cause.ch\/lab\/wp-json\/wp\/v2\/posts\/2918\/revisions\/2934"}],"wp:attachment":[{"href":"https:\/\/cause.ch\/lab\/wp-json\/wp\/v2\/media?parent=2918"}],"wp:term":[{"taxonomy":"category","embeddable":true,"href":"https:\/\/cause.ch\/lab\/wp-json\/wp\/v2\/categories?post=2918"},{"taxonomy":"post_tag","embeddable":true,"href":"https:\/\/cause.ch\/lab\/wp-json\/wp\/v2\/tags?post=2918"}],"curies":[{"name":"wp","href":"https:\/\/api.w.org\/{rel}","templated":true}]}}