{"id":2962,"date":"2016-12-13T19:35:07","date_gmt":"2016-12-13T18:35:07","guid":{"rendered":"http:\/\/cause.ch\/lab\/?p=2962"},"modified":"2016-12-13T19:54:35","modified_gmt":"2016-12-13T18:54:35","slug":"square-teaser-14-collectif-hapax","status":"publish","type":"post","link":"https:\/\/cause.ch\/lab\/we-are-the-cause\/square-teaser-14-collectif-hapax\/","title":{"rendered":"SQUARE Teaser #14: Collectif Hapax"},"content":{"rendered":"<div class=\"arx_pad_2 center_text\">\n<a href=\"https:\/\/www.facebook.com\/events\/923664974435588\/\" target=\"_blank\"><img loading=\"lazy\" decoding=\"async\" src=\"http:\/\/cause.ch\/lab\/wp-content\/uploads\/2016\/12\/negative-mandala-square-\u00a9cause2016.jpg\" alt=\"negative-mandala-square-cause2016\" width=\"640\" height=\"638\" class=\"alignnone size-full wp-image-2942\" srcset=\"https:\/\/cause.ch\/lab\/wp-content\/uploads\/2016\/12\/negative-mandala-square-\u00a9cause2016.jpg 640w, https:\/\/cause.ch\/lab\/wp-content\/uploads\/2016\/12\/negative-mandala-square-\u00a9cause2016-150x150.jpg 150w, https:\/\/cause.ch\/lab\/wp-content\/uploads\/2016\/12\/negative-mandala-square-\u00a9cause2016-300x300.jpg 300w\" sizes=\"auto, (max-width: 640px) 100vw, 640px\" \/><\/a>\n<\/div>\n<p class=\"arx_2_pages center_content arx_pad_2\">\nSoucieux de soutenir les entrains cr\u00e9atifs locaux lors de notre march\u00e9 des artisans, on a tenu tout particuli\u00e8rement \u00e0 faire une place aux jeunes du <b><a href=\"http:\/\/collectif-hapax-21.tumblr.com\/\" target=\"_blank\">Collectif Hapax 21<\/a><\/b>, figures influentes de l&#8217;arc l\u00e9manique en pleine ascendance. Se d\u00e9finissant comme <i>catalyseurs de culture artistique<\/i>, ils multiplient depuis peu leurs implications dans l&#8217;organisation d&#8217;\u00e9v\u00e8nements populaires sur toute la r\u00e9gion. Ils ont r\u00e9pondu \u00e0 l&#8217;appel, et seront chez nous le 17 pour se pr\u00e9senter \u00e0 toi, public curieux. Ce sera l&#8217;occasion pour eux de nous en dire d&#8217;avantage sur l&#8217;\u00e9tendue de leurs activit\u00e9s, leurs intentions et leurs ambitions. Et plus encore: ils assureront l&#8217;am\u00e9nagement d&#8217;un espace d\u00e9tente pour chiller dans une ambiance agr\u00e9ment\u00e9e par les couches sonores de leurs collections musicales!\n<\/p>\n<div class=\"arx_pad_1 center_content\">\n<a href=\"http:\/\/collectif-hapax-21-apropos.tumblr.com\/\" target=\"_blank\"><img loading=\"lazy\" decoding=\"async\" src=\"http:\/\/cause.ch\/lab\/wp-content\/uploads\/2016\/12\/1logo-\u00a9collectifhapax21.jpg\" alt=\"1logo-collectifhapax21\" width=\"150\" height=\"289\" class=\"alignnone size-full wp-image-2966\" \/><\/a>\n<\/div>\n<div class=\"arx_pad_2 center_content\">\n<div class=\"center_text arx_pad_0\" style=\"float:left\">\n<a href=\"https:\/\/www.facebook.com\/collectifhapax21\/?fref=ts\" target=\"_blank\"><img loading=\"lazy\" decoding=\"async\" src=\"http:\/\/cause.ch\/lab\/wp-content\/uploads\/2016\/12\/facebook-icon.png\" alt=\"facebook-icon\" width=\"32\" height=\"32\" class=\"alignnone size-full wp-image-2681\" \/><\/a>\n<\/div>\n<div class=\"center_text arx_pad_0\" style=\"float:right\">\n<a href=\"http:\/\/collectif-hapax-21.tumblr.com\/\" target=\"_blank\"><img loading=\"lazy\" decoding=\"async\" src=\"http:\/\/cause.ch\/lab\/wp-content\/uploads\/2016\/12\/Tumblr.png\" alt=\"tumblr\" width=\"32\" height=\"1000\" class=\"alignnone size-full wp-image-2707\" \/><\/a>\n<\/div>\n<div class=\"center_text arx_pad_0\" style=\"float:center\">\n<a href=\"http:\/\/collectif-hapax-21.tumblr.com\/\" target=\"_blank\"><img loading=\"lazy\" decoding=\"async\" src=\"http:\/\/cause.ch\/lab\/wp-content\/uploads\/2016\/12\/title-\u00a9collectifhapax21.jpg\" alt=\"title-collectifhapax21\" width=\"200\" height=\"54\" class=\"alignnone size-full wp-image-2972\" \/><\/a>\n<\/div>\n<\/div>\n<p class=\"arx_0 center_content arx_pad_2\">\n&#8220;<i><b>HAPAX est un collectif fond\u00e9 en 2015 par cinq jeunes de la r\u00e9gion nyonnaise. Ayant grandi entre Gen\u00e8ve et Lausanne &#8211; et dans une plus large mesure sur l\u2019arc l\u00e9manique &#8211; ils ont \u00e9t\u00e9 t\u00e9moins de la richesse culturelle de la r\u00e9gion. Au coeur de ce vivier artistique o\u00f9 naissent les collectifs d\u2019artistes de jeune g\u00e9n\u00e9ration, le projet d\u2019HAPAX a rapidement \u00e9t\u00e9 clair et pertinent : il fallait concentrer les masses, canaliser les \u00e9nergies et catalyser la synergie. <\/b><\/i>&#8221;<\/p>\n<div class=\"arx_pad_2 center_text\">\n<img loading=\"lazy\" decoding=\"async\" src=\"http:\/\/cause.ch\/lab\/wp-content\/uploads\/2016\/12\/hapax-\u00a9collectifhapax21.jpeg\" alt=\"hapax-collectifhapax21\" width=\"1280\" height=\"853\" class=\"alignnone size-full wp-image-2973\" srcset=\"https:\/\/cause.ch\/lab\/wp-content\/uploads\/2016\/12\/hapax-\u00a9collectifhapax21.jpeg 1280w, https:\/\/cause.ch\/lab\/wp-content\/uploads\/2016\/12\/hapax-\u00a9collectifhapax21-300x200.jpeg 300w, https:\/\/cause.ch\/lab\/wp-content\/uploads\/2016\/12\/hapax-\u00a9collectifhapax21-1024x682.jpeg 1024w, https:\/\/cause.ch\/lab\/wp-content\/uploads\/2016\/12\/hapax-\u00a9collectifhapax21-640x426.jpeg 640w\" sizes=\"auto, (max-width: 1280px) 100vw, 1280px\" \/>\n<\/div>\n<div class=\"arx_pad_2 center_text\">\n<img loading=\"lazy\" decoding=\"async\" src=\"http:\/\/cause.ch\/lab\/wp-content\/uploads\/2016\/12\/sapage-nocturne-\u00a9collectifhapax21.jpeg\" alt=\"sapage-nocturne-collectifhapax21\" width=\"3320\" height=\"1262\" class=\"alignnone size-full wp-image-2971\" srcset=\"https:\/\/cause.ch\/lab\/wp-content\/uploads\/2016\/12\/sapage-nocturne-\u00a9collectifhapax21.jpeg 3320w, https:\/\/cause.ch\/lab\/wp-content\/uploads\/2016\/12\/sapage-nocturne-\u00a9collectifhapax21-300x114.jpeg 300w, https:\/\/cause.ch\/lab\/wp-content\/uploads\/2016\/12\/sapage-nocturne-\u00a9collectifhapax21-1024x389.jpeg 1024w\" sizes=\"auto, (max-width: 3320px) 100vw, 3320px\" \/>\n<\/div>\n<div class=\"arx_pad_2 center_text\">\n<img loading=\"lazy\" decoding=\"async\" src=\"http:\/\/cause.ch\/lab\/wp-content\/uploads\/2016\/12\/quai-skia-\u00a9collectifhapax21.jpeg\" alt=\"quai-skia-collectifhapax21\" width=\"1280\" height=\"1810\" class=\"alignnone size-full wp-image-2970\" srcset=\"https:\/\/cause.ch\/lab\/wp-content\/uploads\/2016\/12\/quai-skia-\u00a9collectifhapax21.jpeg 1280w, https:\/\/cause.ch\/lab\/wp-content\/uploads\/2016\/12\/quai-skia-\u00a9collectifhapax21-212x300.jpeg 212w, https:\/\/cause.ch\/lab\/wp-content\/uploads\/2016\/12\/quai-skia-\u00a9collectifhapax21-724x1024.jpeg 724w\" sizes=\"auto, (max-width: 1280px) 100vw, 1280px\" \/>\n<\/div>\n<div class=\"arx_pad_2 center_text\">\n<img loading=\"lazy\" decoding=\"async\" src=\"http:\/\/cause.ch\/lab\/wp-content\/uploads\/2016\/12\/osmose1-\u00a9collectifhapax21.jpeg\" alt=\"osmose1-collectifhapax21\" width=\"1280\" height=\"1810\" class=\"alignnone size-full wp-image-2969\" srcset=\"https:\/\/cause.ch\/lab\/wp-content\/uploads\/2016\/12\/osmose1-\u00a9collectifhapax21.jpeg 1280w, https:\/\/cause.ch\/lab\/wp-content\/uploads\/2016\/12\/osmose1-\u00a9collectifhapax21-212x300.jpeg 212w, https:\/\/cause.ch\/lab\/wp-content\/uploads\/2016\/12\/osmose1-\u00a9collectifhapax21-724x1024.jpeg 724w\" sizes=\"auto, (max-width: 1280px) 100vw, 1280px\" \/>\n<\/div>\n<div class=\"arx_pad_2 center_text\">\n<img loading=\"lazy\" decoding=\"async\" src=\"http:\/\/cause.ch\/lab\/wp-content\/uploads\/2016\/12\/osmose-\u00a9collectifhapax21.jpeg\" alt=\"osmose-collectifhapax21\" width=\"1280\" height=\"1810\" class=\"alignnone size-full wp-image-2968\" srcset=\"https:\/\/cause.ch\/lab\/wp-content\/uploads\/2016\/12\/osmose-\u00a9collectifhapax21.jpeg 1280w, https:\/\/cause.ch\/lab\/wp-content\/uploads\/2016\/12\/osmose-\u00a9collectifhapax21-212x300.jpeg 212w, https:\/\/cause.ch\/lab\/wp-content\/uploads\/2016\/12\/osmose-\u00a9collectifhapax21-724x1024.jpeg 724w\" sizes=\"auto, (max-width: 1280px) 100vw, 1280px\" \/>\n<\/div>\n<div class=\"arx_pad_2 center_text\"><img loading=\"lazy\" decoding=\"async\" src=\"http:\/\/cause.ch\/lab\/wp-content\/uploads\/2016\/12\/crabe-\u00a9collectifhapax21.jpeg\" alt=\"crabe-collectifhapax21\" width=\"1280\" height=\"1817\" class=\"alignnone size-full wp-image-2967\" srcset=\"https:\/\/cause.ch\/lab\/wp-content\/uploads\/2016\/12\/crabe-\u00a9collectifhapax21.jpeg 1280w, https:\/\/cause.ch\/lab\/wp-content\/uploads\/2016\/12\/crabe-\u00a9collectifhapax21-211x300.jpeg 211w, https:\/\/cause.ch\/lab\/wp-content\/uploads\/2016\/12\/crabe-\u00a9collectifhapax21-721x1024.jpeg 721w\" sizes=\"auto, (max-width: 1280px) 100vw, 1280px\" \/>\n<\/div>\n","protected":false},"excerpt":{"rendered":"<p>Soucieux de soutenir les entrains cr\u00e9atifs locaux lors de notre march\u00e9 des artisans, on a tenu tout particuli\u00e8rement \u00e0 faire une place aux jeunes du Collectif Hapax 21, figures influentes de l&#8217;arc l\u00e9manique en pleine ascendance. Se d\u00e9finissant comme catalyseurs de culture artistique, ils multiplient depuis peu leurs implications dans l&#8217;organisation d&#8217;\u00e9v\u00e8nements populaires sur toute [&hellip;]<\/p>\n","protected":false},"author":4,"featured_media":0,"comment_status":"open","ping_status":"open","sticky":false,"template":"","format":"standard","meta":{"footnotes":""},"categories":[1],"tags":[275,382,7,381,337,29],"class_list":["post-2962","post","type-post","status-publish","format-standard","hentry","category-we-are-the-cause","tag-275","tag-action-culturelle","tag-cause","tag-collectif-hapax21","tag-square","tag-wearethecause"],"_links":{"self":[{"href":"https:\/\/cause.ch\/lab\/wp-json\/wp\/v2\/posts\/2962","targetHints":{"allow":["GET"]}}],"collection":[{"href":"https:\/\/cause.ch\/lab\/wp-json\/wp\/v2\/posts"}],"about":[{"href":"https:\/\/cause.ch\/lab\/wp-json\/wp\/v2\/types\/post"}],"author":[{"embeddable":true,"href":"https:\/\/cause.ch\/lab\/wp-json\/wp\/v2\/users\/4"}],"replies":[{"embeddable":true,"href":"https:\/\/cause.ch\/lab\/wp-json\/wp\/v2\/comments?post=2962"}],"version-history":[{"count":9,"href":"https:\/\/cause.ch\/lab\/wp-json\/wp\/v2\/posts\/2962\/revisions"}],"predecessor-version":[{"id":2981,"href":"https:\/\/cause.ch\/lab\/wp-json\/wp\/v2\/posts\/2962\/revisions\/2981"}],"wp:attachment":[{"href":"https:\/\/cause.ch\/lab\/wp-json\/wp\/v2\/media?parent=2962"}],"wp:term":[{"taxonomy":"category","embeddable":true,"href":"https:\/\/cause.ch\/lab\/wp-json\/wp\/v2\/categories?post=2962"},{"taxonomy":"post_tag","embeddable":true,"href":"https:\/\/cause.ch\/lab\/wp-json\/wp\/v2\/tags?post=2962"}],"curies":[{"name":"wp","href":"https:\/\/api.w.org\/{rel}","templated":true}]}}