{"id":3009,"date":"2016-12-14T14:34:08","date_gmt":"2016-12-14T13:34:08","guid":{"rendered":"http:\/\/cause.ch\/lab\/?p=3009"},"modified":"2016-12-14T14:34:08","modified_gmt":"2016-12-14T13:34:08","slug":"square-teaser-16-domaine-de-fischer","status":"publish","type":"post","link":"https:\/\/cause.ch\/lab\/we-are-the-cause\/square-teaser-16-domaine-de-fischer\/","title":{"rendered":"SQUARE Teaser #16: Domaine de Fischer"},"content":{"rendered":"<div class=\"arx_pad_2 center_text\">\n<a href=\"https:\/\/www.facebook.com\/events\/923664974435588\/\" target=\"_blank\"><img loading=\"lazy\" decoding=\"async\" src=\"http:\/\/cause.ch\/lab\/wp-content\/uploads\/2016\/12\/repetition-square-\u00a9cause2016.jpg\" alt=\"repetition-square-cause2016\" width=\"1218\" height=\"894\" class=\"alignnone size-full wp-image-3010\" srcset=\"https:\/\/cause.ch\/lab\/wp-content\/uploads\/2016\/12\/repetition-square-\u00a9cause2016.jpg 1218w, https:\/\/cause.ch\/lab\/wp-content\/uploads\/2016\/12\/repetition-square-\u00a9cause2016-300x220.jpg 300w, https:\/\/cause.ch\/lab\/wp-content\/uploads\/2016\/12\/repetition-square-\u00a9cause2016-1024x752.jpg 1024w\" sizes=\"auto, (max-width: 1218px) 100vw, 1218px\" \/><\/a>\n<\/div>\n<p class=\"arx_2_pages center_content arx_pad_0\">\nUn march\u00e9 de l&#8217;artisanat local n&#8217;en serait pas un sans c\u00e9l\u00e9brer comme il se doit la fiert\u00e9 du terroir. \u00c9lixirs des art\u00e8res de la terre, nectar de nos r\u00e9gions, les crus des caves du <b>Domaine de Fischer<\/b>  \u00e0 Bougy-Villars repr\u00e9senteront \u00e0 Square les traditions de l&#8217;univers viticole.\n<\/p>\n<p class=\"arx_2_pages center_content arx_pad_2\">\nAuteure de produits prim\u00e9s \u00e0 plusieurs reprises, l&#8217;entreprise familiale a su logiquement se d\u00e9marquer quant aux nombreux crit\u00e8res \u00e9valu\u00e9s par la commission des grands cru vaudois, notamment la qualit\u00e9 des sols, l&#8217;exposition, l&#8217;\u00e2ge des vignes, les rendements limit\u00e9s, la r\u00e9colte manuelle, la renomm\u00e9e historique et le haut potentiel de garde.\n<\/p>\n<div class=\"arx_pad_2 center_content\">\n<a href=\"http:\/\/domainedefischer.ch\/\"><img loading=\"lazy\" decoding=\"async\" src=\"http:\/\/cause.ch\/lab\/wp-content\/uploads\/2016\/12\/illustration-\u00a9domainedefischer2016.jpeg\" alt=\"illustration-domainedefischer2016\" width=\"200\" height=\"414\" class=\"alignnone size-full wp-image-3005\" \/><\/a>\n<\/div>\n<div class=\"arx_pad_2 center_content\">\n<div class=\"center_text arx_pad_0\" style=\"float:left\">\n<a href=\"https:\/\/www.facebook.com\/pages\/Domaine-De-Fischer\/663482137069580\" target=\"_blank\"><img loading=\"lazy\" decoding=\"async\" src=\"http:\/\/cause.ch\/lab\/wp-content\/uploads\/2016\/12\/facebook-icon.png\" alt=\"facebook-icon\" width=\"32\" height=\"32\" class=\"alignnone size-full wp-image-2681\" \/><\/a>\n<\/div>\n<div class=\"center_text arx_pad_0\" style=\"float:right\">\n<a href=\"mailto:info@domainedefischer.ch\" target=\"_top\"><img loading=\"lazy\" decoding=\"async\" src=\"http:\/\/cause.ch\/lab\/wp-content\/uploads\/2016\/12\/instagram-icon.png\" alt=\"instagram-icon\" width=\"32\" height=\"32\" class=\"alignnone size-full wp-image-2682\" \/><\/a>\n<\/div>\n<div class=\"center_text arx_pad_0\" style=\"float:center\">\n<a href=\"http:\/\/domainedefischer.ch\/\"><img loading=\"lazy\" decoding=\"async\" src=\"http:\/\/cause.ch\/lab\/wp-content\/uploads\/2016\/12\/logo-\u00a9domainedefischer2016.jpg\" alt=\"logo-domainedefischer2016\" width=\"195\" height=\"129\" class=\"alignnone size-full wp-image-3006\" \/><\/a>\n<\/div>\n<\/div>\n<p class=\"arx_0 center_content arx_pad_2\">\n&#8220;<i><b>&#8220;Celui qui sait d\u00e9guster ne boit plus jamais du vin, mais il go\u00fbte ses suaves secrets&#8221;. (Salvador Dali). C\u2019est avec un vif plaisir que nous vous offrons une br\u00e8ve incursion  dans la tradition et l\u2019histoire de notre Domaine et que nous vous r\u00e9v\u00e9lerons les secrets de certains de nos vins. L\u2019\u00e9tiquette, que vous trouvez appos\u00e9e sur la plupart de nos produits fut sp\u00e9cialement cr\u00e9\u00e9e pour le Domaine de Fischer par le fameux artiste bernois Friedrich Traffelet (1897 \u2013 1954).<\/b><\/i>&#8221;\n<\/p>\n<div class=\"arx_pad_2 center_text\">\n<img loading=\"lazy\" decoding=\"async\" src=\"http:\/\/cause.ch\/lab\/wp-content\/uploads\/2016\/12\/vins-\u00a9domainedefischer2016.jpg\" alt=\"vins-domainedefischer2016\" width=\"1000\" height=\"485\" class=\"alignnone size-full wp-image-3008\" srcset=\"https:\/\/cause.ch\/lab\/wp-content\/uploads\/2016\/12\/vins-\u00a9domainedefischer2016.jpg 1000w, https:\/\/cause.ch\/lab\/wp-content\/uploads\/2016\/12\/vins-\u00a9domainedefischer2016-300x146.jpg 300w\" sizes=\"auto, (max-width: 1000px) 100vw, 1000px\" \/>\n<\/div>\n<div class=\"arx_pad_2 center_text\">\n<img loading=\"lazy\" decoding=\"async\" src=\"http:\/\/cause.ch\/lab\/wp-content\/uploads\/2016\/12\/vinification-\u00a9domainedefischer2016.jpeg\" alt=\"vinification-domainedefischer2016\" width=\"570\" height=\"400\" class=\"alignnone size-full wp-image-3007\" srcset=\"https:\/\/cause.ch\/lab\/wp-content\/uploads\/2016\/12\/vinification-\u00a9domainedefischer2016.jpeg 570w, https:\/\/cause.ch\/lab\/wp-content\/uploads\/2016\/12\/vinification-\u00a9domainedefischer2016-300x211.jpeg 300w\" sizes=\"auto, (max-width: 570px) 100vw, 570px\" \/>\n<\/div>\n<div class=\"arx_pad_2 center_text\">\n<img loading=\"lazy\" decoding=\"async\" src=\"http:\/\/cause.ch\/lab\/wp-content\/uploads\/2016\/12\/histoire-\u00a9domainedefischer2016.jpeg\" alt=\"histoire-domainedefischer2016\" width=\"570\" height=\"400\" class=\"alignnone size-full wp-image-3004\" srcset=\"https:\/\/cause.ch\/lab\/wp-content\/uploads\/2016\/12\/histoire-\u00a9domainedefischer2016.jpeg 570w, https:\/\/cause.ch\/lab\/wp-content\/uploads\/2016\/12\/histoire-\u00a9domainedefischer2016-300x211.jpeg 300w\" sizes=\"auto, (max-width: 570px) 100vw, 570px\" \/>\n<\/div>\n<div class=\"arx_pad_2 center_text\">\n<img loading=\"lazy\" decoding=\"async\" src=\"http:\/\/cause.ch\/lab\/wp-content\/uploads\/2016\/12\/Domaine-\u00a9domainedefischer2016.jpg\" alt=\"domaine-domainedefischer2016\" width=\"551\" height=\"580\" class=\"alignnone size-full wp-image-3003\" srcset=\"https:\/\/cause.ch\/lab\/wp-content\/uploads\/2016\/12\/Domaine-\u00a9domainedefischer2016.jpg 551w, https:\/\/cause.ch\/lab\/wp-content\/uploads\/2016\/12\/Domaine-\u00a9domainedefischer2016-285x300.jpg 285w\" sizes=\"auto, (max-width: 551px) 100vw, 551px\" \/>\n<\/div>\n","protected":false},"excerpt":{"rendered":"<p>Un march\u00e9 de l&#8217;artisanat local n&#8217;en serait pas un sans c\u00e9l\u00e9brer comme il se doit la fiert\u00e9 du terroir. \u00c9lixirs des art\u00e8res de la terre, nectar de nos r\u00e9gions, les crus des caves du Domaine de Fischer \u00e0 Bougy-Villars repr\u00e9senteront \u00e0 Square les traditions de l&#8217;univers viticole. Auteure de produits prim\u00e9s \u00e0 plusieurs reprises, l&#8217;entreprise [&hellip;]<\/p>\n","protected":false},"author":4,"featured_media":0,"comment_status":"open","ping_status":"open","sticky":false,"template":"","format":"standard","meta":{"footnotes":""},"categories":[1],"tags":[275,385,7,383,338,337,384,29],"class_list":["post-3009","post","type-post","status-publish","format-standard","hentry","category-we-are-the-cause","tag-275","tag-bougy-villars","tag-cause","tag-domaine-de-fischer","tag-marche-de-noel","tag-square","tag-vin","tag-wearethecause"],"_links":{"self":[{"href":"https:\/\/cause.ch\/lab\/wp-json\/wp\/v2\/posts\/3009","targetHints":{"allow":["GET"]}}],"collection":[{"href":"https:\/\/cause.ch\/lab\/wp-json\/wp\/v2\/posts"}],"about":[{"href":"https:\/\/cause.ch\/lab\/wp-json\/wp\/v2\/types\/post"}],"author":[{"embeddable":true,"href":"https:\/\/cause.ch\/lab\/wp-json\/wp\/v2\/users\/4"}],"replies":[{"embeddable":true,"href":"https:\/\/cause.ch\/lab\/wp-json\/wp\/v2\/comments?post=3009"}],"version-history":[{"count":3,"href":"https:\/\/cause.ch\/lab\/wp-json\/wp\/v2\/posts\/3009\/revisions"}],"predecessor-version":[{"id":3014,"href":"https:\/\/cause.ch\/lab\/wp-json\/wp\/v2\/posts\/3009\/revisions\/3014"}],"wp:attachment":[{"href":"https:\/\/cause.ch\/lab\/wp-json\/wp\/v2\/media?parent=3009"}],"wp:term":[{"taxonomy":"category","embeddable":true,"href":"https:\/\/cause.ch\/lab\/wp-json\/wp\/v2\/categories?post=3009"},{"taxonomy":"post_tag","embeddable":true,"href":"https:\/\/cause.ch\/lab\/wp-json\/wp\/v2\/tags?post=3009"}],"curies":[{"name":"wp","href":"https:\/\/api.w.org\/{rel}","templated":true}]}}