{"id":3015,"date":"2016-12-14T15:51:10","date_gmt":"2016-12-14T14:51:10","guid":{"rendered":"http:\/\/cause.ch\/lab\/?p=3015"},"modified":"2016-12-14T18:12:50","modified_gmt":"2016-12-14T17:12:50","slug":"square-teaser-17-giroscope","status":"publish","type":"post","link":"https:\/\/cause.ch\/lab\/we-are-the-cause\/square-teaser-17-giroscope\/","title":{"rendered":"SQUARE Teaser #17: Giroscope"},"content":{"rendered":"<div class=\"arx_pad_2 center_text\">\n<a href=\"https:\/\/www.facebook.com\/events\/923664974435588\/\" target=\"_blank\"><img loading=\"lazy\" decoding=\"async\" src=\"http:\/\/cause.ch\/lab\/wp-content\/uploads\/2016\/12\/chaos-smiley-logo-\u00a9cause2016.jpg\" alt=\"chaos-smiley-logo-cause2016\" width=\"640\" height=\"638\" class=\"alignnone size-full wp-image-2941\" srcset=\"https:\/\/cause.ch\/lab\/wp-content\/uploads\/2016\/12\/chaos-smiley-logo-\u00a9cause2016.jpg 640w, https:\/\/cause.ch\/lab\/wp-content\/uploads\/2016\/12\/chaos-smiley-logo-\u00a9cause2016-150x150.jpg 150w, https:\/\/cause.ch\/lab\/wp-content\/uploads\/2016\/12\/chaos-smiley-logo-\u00a9cause2016-300x300.jpg 300w\" sizes=\"auto, (max-width: 640px) 100vw, 640px\" \/><\/a>\n<\/div>\n<p class=\"arx_2_pages center_content arx_pad_2\">\nLa sc\u00e8ne de la culture suisse romande s&#8217;\u00e9panouit depuis plusieurs ann\u00e9es de la contribution significative d&#8217;un artiste au style immanquable et \u00e0 la cr\u00e9ativit\u00e9 d\u00e9bordante. <a href=\"http:\/\/giroscope.ch\/\" target=\"_blank\">Giroscope<\/a> a choisi de nous combler par sa pr\u00e9sence \u00e0 Square ce samedi! Il tr\u00f4nera \u00e0 la t\u00eate de son cort\u00e8ge habituel de cr\u00e9atures \u00e9tranges, horizons peupl\u00e9s d&#8217;\u00eatres difformes, d&#8217;espaces impossibles, de perspectives incoh\u00e9rentes, de mises en sc\u00e8nes absurdes, d&#8217;all\u00e9gories spontan\u00e9es et d&#8217;aphorismes exclamatifs.<br \/>\nCela dit, pour autant que son monde puisse \u00e0 premier abord para\u00eetre quelque peu inqui\u00e9tant, si ce n&#8217;est tortur\u00e9, son surr\u00e9alisme enfantin demeure porteur d\u00e9cisif d&#8217;un message d&#8217;une force exceptionnelle, visions issues d&#8217;un esprit d\u00e9bordant de passion et d&#8217;humanit\u00e9.\n<\/p>\n<div class=\"arx_pad_1 center_content\">\n<a href=\"http:\/\/giroscope.bigcartel.com\/\" target=\"_blank\"><img loading=\"lazy\" decoding=\"async\" src=\"http:\/\/cause.ch\/lab\/wp-content\/uploads\/2016\/12\/where-\u00a9giroscope2016.jpeg\" alt=\"where-giroscope2016\" width=\"150\" height=\"150\" class=\"alignnone size-full wp-image-3017\" \/><\/a>\n<\/div>\n<div class=\"arx_pad_2 center_content\">\n<div class=\"center_text arx_pad_0\" style=\"float:left\">\n<a href=\"https:\/\/www.facebook.com\/giroscope1000\" target=\"_blank\"><img loading=\"lazy\" decoding=\"async\" src=\"http:\/\/cause.ch\/lab\/wp-content\/uploads\/2016\/12\/facebook-icon.png\" alt=\"facebook-icon\" width=\"32\" height=\"32\" class=\"alignnone size-full wp-image-2681\" \/><\/a>\n<\/div>\n<div class=\"center_text arx_pad_0\" style=\"float:right\">\n<a href=\"https:\/\/www.instagram.com\/giroscope\/\" target=\"_blank\"><img loading=\"lazy\" decoding=\"async\" src=\"http:\/\/cause.ch\/lab\/wp-content\/uploads\/2016\/12\/instagram-icon.png\" alt=\"instagram-icon\" width=\"32\" height=\"32\" class=\"alignnone size-full wp-image-2682\" \/><\/a>\n<\/div>\n<div class=\"center_text arx_pad_0\" style=\"float:center\">\n<a href=\"http:\/\/giroscope.ch\/\" target=\"_blank\"><img loading=\"lazy\" decoding=\"async\" src=\"http:\/\/cause.ch\/lab\/wp-content\/uploads\/2016\/12\/titre-\u00a9giroscope2016.png\" alt=\"titre-giroscope2016\" width=\"200\" height=\"143\" class=\"alignnone size-full wp-image-3016\" \/><\/a>\n<\/div>\n<\/div>\n<p class=\"arx_0 center_content arx_pad_1\">\n&#8220;<i><b>Pour cette premi\u00e8re \u00e9dition de Square, je viens proposer une collection de s\u00e9rigraphies limit\u00e9es ainsi que de toutes nouvelles \u0153uvres cr\u00e9es sp\u00e9cialement pour l&#8217;occasion, art sur toiles et impressions. Mais aussi, et surtout, quelques goodies, sacs et accessoires, m\u00eame des sirops bios en bouteilles, sortis d&#8217;une collaboration avec <b><a href=\"https:\/\/www.facebook.com\/EnVertEtContreTout\/\" target=\"_blank\">En vert et contre tout<\/a><\/b>!&#8221;<\/i><\/p>\n<div class=\"arx_pad_2 center_content\">\n<a href=\"https:\/\/www.facebook.com\/EnVertEtContreTout\/\" target=\"_blank\"><img loading=\"lazy\" decoding=\"async\" src=\"http:\/\/cause.ch\/lab\/wp-content\/uploads\/2016\/12\/logo-\u00a9envertetcontretout2016.jpeg\" alt=\"logo-envertetcontretout2016\" width=\"200\" height=\"543\" class=\"alignnone size-full wp-image-3022\" \/><\/a>\n<\/div>\n<div class=\"arx_pad_2 center_content\">\n<img loading=\"lazy\" decoding=\"async\" src=\"http:\/\/cause.ch\/lab\/wp-content\/uploads\/2016\/12\/money-\u00a9giroscope2016.jpeg\" alt=\"money-giroscope2016\" width=\"500\" height=\"366\" class=\"alignnone size-full wp-image-3027\" srcset=\"https:\/\/cause.ch\/lab\/wp-content\/uploads\/2016\/12\/money-\u00a9giroscope2016.jpeg 500w, https:\/\/cause.ch\/lab\/wp-content\/uploads\/2016\/12\/money-\u00a9giroscope2016-300x220.jpeg 300w\" sizes=\"auto, (max-width: 500px) 100vw, 500px\" \/>\n<\/div>\n<div class=\"arx_pad_2 center_content\">\n<img loading=\"lazy\" decoding=\"async\" src=\"http:\/\/cause.ch\/lab\/wp-content\/uploads\/2016\/12\/torment-\u00a9giroscope2016.jpeg\" alt=\"torment-giroscope2016\" width=\"500\" height=\"643\" class=\"alignnone size-full wp-image-3029\" srcset=\"https:\/\/cause.ch\/lab\/wp-content\/uploads\/2016\/12\/torment-\u00a9giroscope2016.jpeg 500w, https:\/\/cause.ch\/lab\/wp-content\/uploads\/2016\/12\/torment-\u00a9giroscope2016-233x300.jpeg 233w\" sizes=\"auto, (max-width: 500px) 100vw, 500px\" \/>\n<\/div>\n<div class=\"arx_pad_2 center_content\">\n<img loading=\"lazy\" decoding=\"async\" src=\"http:\/\/cause.ch\/lab\/wp-content\/uploads\/2016\/12\/sans-titre-\u00a9giroscope2016.jpeg\" alt=\"sans-titre-giroscope2016\" width=\"500\" height=\"700\" class=\"alignnone size-full wp-image-3028\" srcset=\"https:\/\/cause.ch\/lab\/wp-content\/uploads\/2016\/12\/sans-titre-\u00a9giroscope2016.jpeg 500w, https:\/\/cause.ch\/lab\/wp-content\/uploads\/2016\/12\/sans-titre-\u00a9giroscope2016-214x300.jpeg 214w\" sizes=\"auto, (max-width: 500px) 100vw, 500px\" \/>\n<\/div>\n<div class=\"arx_pad_2 center_content\">\n<img loading=\"lazy\" decoding=\"async\" src=\"http:\/\/cause.ch\/lab\/wp-content\/uploads\/2016\/12\/jesus-\u00a9giroscope2016.jpeg\" alt=\"jesus-giroscope2016\" width=\"500\" height=\"680\" class=\"alignnone size-full wp-image-3026\" srcset=\"https:\/\/cause.ch\/lab\/wp-content\/uploads\/2016\/12\/jesus-\u00a9giroscope2016.jpeg 500w, https:\/\/cause.ch\/lab\/wp-content\/uploads\/2016\/12\/jesus-\u00a9giroscope2016-221x300.jpeg 221w\" sizes=\"auto, (max-width: 500px) 100vw, 500px\" \/>\n<\/div>\n<div class=\"arx_pad_2 center_content\">\n<img loading=\"lazy\" decoding=\"async\" src=\"http:\/\/cause.ch\/lab\/wp-content\/uploads\/2016\/12\/chair-\u00a9giroscope2016.jpeg\" alt=\"chair-giroscope2016\" width=\"500\" height=\"700\" class=\"alignnone size-full wp-image-3025\" srcset=\"https:\/\/cause.ch\/lab\/wp-content\/uploads\/2016\/12\/chair-\u00a9giroscope2016.jpeg 500w, https:\/\/cause.ch\/lab\/wp-content\/uploads\/2016\/12\/chair-\u00a9giroscope2016-214x300.jpeg 214w\" sizes=\"auto, (max-width: 500px) 100vw, 500px\" \/>\n<\/div>\n<div class=\"arx_pad_2 center_content\">\n<img loading=\"lazy\" decoding=\"async\" src=\"http:\/\/cause.ch\/lab\/wp-content\/uploads\/2016\/12\/car-accident-\u00a9giroscope2016.jpeg\" alt=\"car-accident-giroscope2016\" width=\"500\" height=\"676\" class=\"alignnone size-full wp-image-3024\" srcset=\"https:\/\/cause.ch\/lab\/wp-content\/uploads\/2016\/12\/car-accident-\u00a9giroscope2016.jpeg 500w, https:\/\/cause.ch\/lab\/wp-content\/uploads\/2016\/12\/car-accident-\u00a9giroscope2016-222x300.jpeg 222w\" sizes=\"auto, (max-width: 500px) 100vw, 500px\" \/>\n<\/div>\n","protected":false},"excerpt":{"rendered":"<p>La sc\u00e8ne de la culture suisse romande s&#8217;\u00e9panouit depuis plusieurs ann\u00e9es de la contribution significative d&#8217;un artiste au style immanquable et \u00e0 la cr\u00e9ativit\u00e9 d\u00e9bordante. Giroscope a choisi de nous combler par sa pr\u00e9sence \u00e0 Square ce samedi! Il tr\u00f4nera \u00e0 la t\u00eate de son cort\u00e8ge habituel de cr\u00e9atures \u00e9tranges, horizons peupl\u00e9s d&#8217;\u00eatres difformes, d&#8217;espaces [&hellip;]<\/p>\n","protected":false},"author":4,"featured_media":0,"comment_status":"open","ping_status":"open","sticky":false,"template":"","format":"standard","meta":{"footnotes":""},"categories":[1],"tags":[275,175,7,386,306,388,387,59,337,29],"class_list":["post-3015","post","type-post","status-publish","format-standard","hentry","category-we-are-the-cause","tag-275","tag-art","tag-cause","tag-en-vert-et-contre-tout","tag-giroscope","tag-leila-rolli","tag-peinture","tag-pierre-andrey","tag-square","tag-wearethecause"],"_links":{"self":[{"href":"https:\/\/cause.ch\/lab\/wp-json\/wp\/v2\/posts\/3015","targetHints":{"allow":["GET"]}}],"collection":[{"href":"https:\/\/cause.ch\/lab\/wp-json\/wp\/v2\/posts"}],"about":[{"href":"https:\/\/cause.ch\/lab\/wp-json\/wp\/v2\/types\/post"}],"author":[{"embeddable":true,"href":"https:\/\/cause.ch\/lab\/wp-json\/wp\/v2\/users\/4"}],"replies":[{"embeddable":true,"href":"https:\/\/cause.ch\/lab\/wp-json\/wp\/v2\/comments?post=3015"}],"version-history":[{"count":7,"href":"https:\/\/cause.ch\/lab\/wp-json\/wp\/v2\/posts\/3015\/revisions"}],"predecessor-version":[{"id":3057,"href":"https:\/\/cause.ch\/lab\/wp-json\/wp\/v2\/posts\/3015\/revisions\/3057"}],"wp:attachment":[{"href":"https:\/\/cause.ch\/lab\/wp-json\/wp\/v2\/media?parent=3015"}],"wp:term":[{"taxonomy":"category","embeddable":true,"href":"https:\/\/cause.ch\/lab\/wp-json\/wp\/v2\/categories?post=3015"},{"taxonomy":"post_tag","embeddable":true,"href":"https:\/\/cause.ch\/lab\/wp-json\/wp\/v2\/tags?post=3015"}],"curies":[{"name":"wp","href":"https:\/\/api.w.org\/{rel}","templated":true}]}}