{"id":3033,"date":"2016-12-14T17:18:30","date_gmt":"2016-12-14T16:18:30","guid":{"rendered":"http:\/\/cause.ch\/lab\/?p=3033"},"modified":"2016-12-14T17:19:59","modified_gmt":"2016-12-14T16:19:59","slug":"square-teaser-18-les-filles-de-la-roulotte","status":"publish","type":"post","link":"https:\/\/cause.ch\/lab\/we-are-the-cause\/square-teaser-18-les-filles-de-la-roulotte\/","title":{"rendered":"SQUARE Teaser #18: les Filles de la Roulotte"},"content":{"rendered":"<div class=\"arx_pad_2 center_text\">\n<a href=\"https:\/\/www.facebook.com\/events\/923664974435588\/\" target=\"_blank\"><img loading=\"lazy\" decoding=\"async\" src=\"http:\/\/cause.ch\/lab\/wp-content\/uploads\/2016\/12\/horror-square-\u00a9cause2016.jpg\" alt=\"horror-square-cause2016\" width=\"1000\" height=\"734\" class=\"alignnone size-full wp-image-3034\" srcset=\"https:\/\/cause.ch\/lab\/wp-content\/uploads\/2016\/12\/horror-square-\u00a9cause2016.jpg 1000w, https:\/\/cause.ch\/lab\/wp-content\/uploads\/2016\/12\/horror-square-\u00a9cause2016-300x220.jpg 300w\" sizes=\"auto, (max-width: 1000px) 100vw, 1000px\" \/><\/a>\n<\/div>\n<p class=\"arx_2_pages center_content arx_pad_0\">\nVoil\u00e0 plus de cinq ans que les filles radieuses de l&#8217;association de <a href=\"http:\/\/www.laroulotte.ch\/\" target=\"_blank\"<b>la Roulotte<\/b><\/a> animent le quartier nord de la gare CFF de Nyon, pour le plaisir d&#8217;\u00e9ternels fid\u00e8les tout comme de simples visiteurs d&#8217;un jour. Et les locaux en t\u00e9moignent: elles ont v\u00e9ritablement transform\u00e9 ce lieu vide de passage en un point d&#8217;accueil charismatique, vecteur de sourires et de d\u00e9contraction.\n<\/p>\n<p class=\"arx_2_pages center_content arx_pad_0\">\nA l&#8217;occasion de son march\u00e9 de l&#8217;artisanat Cause se vante de pouvoir une nouvelle fois compter sur leur \u00e9nergie, savoir faire et disponibilit\u00e9. Elles tiendront un stand service traiteur sucr\u00e9\/sal\u00e9 en compagnie du seul et unique <b><a href=\"http:\/\/radiojso.com\/\" target=\"_blank\">J.S.O.<\/a><\/b>, aux commandes de son Laboratoire \u00c9ph\u00e9m\u00e8re de Boulangerie.\n<\/p>\n<p class=\"arx_2_pages center_content arx_pad_0\">\nEnsemble, ils vous recevront au sein de leur atelier volant o\u00f9 il sera donn\u00e9 \u00e0 tous, petits et vieux, de venir cuisiner leurs propres tresses au beurre en suivant les conseils des fins ma\u00eetres!\n<\/p>\n<p class=\"arx_2_pages center_content arx_pad_1\">\nPain complet, viennoiseries, tartes, biscuits et j&#8217;en passe: vous aurez de quoi satisfaire vos envies culinaires tout au long de la journ\u00e9e, avec notamment un immense chaudron fumant de soupe aux l\u00e9gumes sur un feu de joie pour vous r\u00e9chauffer!\n<\/p>\n<div class=\"arx_pad_1 center_content\">\n<a href=\"http:\/\/www.laroulotte.ch\/\" target=\"_blank\"><img loading=\"lazy\" decoding=\"async\" src=\"http:\/\/cause.ch\/lab\/wp-content\/uploads\/2016\/12\/cup-logo-roulotte.jpg\" alt=\"cup-logo-roulotte\" width=\"100\" height=\"264\" class=\"alignnone size-full wp-image-3036\" \/><\/a>\n<\/div>\n<div class=\"arx_pad_2 center_content\">\n<div class=\"center_text arx_pad_0\" style=\"float:left\">\n<a href=\"https:\/\/www.facebook.com\/La-Roulotte-120827741345395\/\" target=\"_blank\"><img loading=\"lazy\" decoding=\"async\" src=\"http:\/\/cause.ch\/lab\/wp-content\/uploads\/2016\/12\/facebook-icon.png\" alt=\"facebook-icon\" width=\"32\" height=\"32\" class=\"alignnone size-full wp-image-2681\" \/><\/a>\n<\/div>\n<div class=\"center_text arx_pad_0\" style=\"float:right\">\n<a href=\"https:\/\/www.instagram.com\/explore\/locations\/264892152\/la-roulotte\/\" target=\"_blank\"><img loading=\"lazy\" decoding=\"async\" src=\"http:\/\/cause.ch\/lab\/wp-content\/uploads\/2016\/12\/instagram-icon.png\" alt=\"instagram-icon\" width=\"32\" height=\"32\" class=\"alignnone size-full wp-image-2682\" \/><\/a>\n<\/div>\n<div class=\"center_text arx_pad_0\" style=\"float:center\">\n<a href=\"http:\/\/www.laroulotte.ch\/\" target=\"_blank\"><img loading=\"lazy\" decoding=\"async\" src=\"http:\/\/cause.ch\/lab\/wp-content\/uploads\/2016\/12\/title-roulotte.jpg\" alt=\"title-roulotte\" width=\"150\" height=\"34\" class=\"alignnone size-full wp-image-3041\" \/><\/a>\n<\/div>\n<\/div>\n<p class=\"arx_0 center_content arx_pad_0\">\n&#8220;<i><b>On s\u2019est rencontr\u00e9es, on a eu envie d\u2019ouvrir un caf\u00e9. Sympa, chouette, joli, super, convivial, agr\u00e9able, color\u00e9. Termin\u00e9s l\u2019\u00e9cole h\u00f4teli\u00e8re, les beaux arts, l\u2019universit\u00e9, nous nous sommes compact\u00e9es en l\u2019association du \u201cTrait d\u2019Unyon\u201d.<\/i><\/b>\n<\/p>\n<p class=\"arx_0 center_content arx_pad_0\">\n<i><b>\u00c0 nous quatre nous sommes cent. Amis, parents, voisins, coll\u00e8gues, connaissances, ex, futurs et fantastiques. un Grand Collisionneur \u00e0 \u00e9nergie \u00e9labor\u00e9 afin de cr\u00e9er un espace de vie, de rencontre. un lieu de mixit\u00e9 sociale et g\u00e9n\u00e9rationnelle au coeur de la ville de Nyon. <\/i><\/b>\n<\/p>\n<p class=\"arx_0 center_content arx_pad_2\">\n<i><b>Concilier structure provisoire et d\u00e9veloppement durable. Filles du terroir et l\u00e9gumes de saison. Avec des produit bien d\u2019ici, nous concoctons une cuisine m\u00e9tiss\u00e9e entre humeurs et saisons.<\/i><\/b>\n<\/p>\n<div class=\"arx_pad_2 center_text\">\n<img loading=\"lazy\" decoding=\"async\" src=\"http:\/\/cause.ch\/lab\/wp-content\/uploads\/2016\/12\/soir-\u00a9laroulottedenyon2016.jpeg\" alt=\"soir-laroulottedenyon2016\" width=\"960\" height=\"720\" class=\"alignnone size-full wp-image-3039\" srcset=\"https:\/\/cause.ch\/lab\/wp-content\/uploads\/2016\/12\/soir-\u00a9laroulottedenyon2016.jpeg 960w, https:\/\/cause.ch\/lab\/wp-content\/uploads\/2016\/12\/soir-\u00a9laroulottedenyon2016-300x225.jpeg 300w\" sizes=\"auto, (max-width: 960px) 100vw, 960px\" \/>\n<\/div>\n<div class=\"arx_pad_2 center_text\">\n<img loading=\"lazy\" decoding=\"async\" src=\"http:\/\/cause.ch\/lab\/wp-content\/uploads\/2016\/12\/filles-\u00a9laroulottedenyon2016.jpeg\" alt=\"filles-laroulottedenyon2016\" width=\"1126\" height=\"845\" class=\"alignnone size-full wp-image-3037\" srcset=\"https:\/\/cause.ch\/lab\/wp-content\/uploads\/2016\/12\/filles-\u00a9laroulottedenyon2016.jpeg 1126w, https:\/\/cause.ch\/lab\/wp-content\/uploads\/2016\/12\/filles-\u00a9laroulottedenyon2016-300x225.jpeg 300w, https:\/\/cause.ch\/lab\/wp-content\/uploads\/2016\/12\/filles-\u00a9laroulottedenyon2016-1024x768.jpeg 1024w\" sizes=\"auto, (max-width: 1126px) 100vw, 1126px\" \/>\n<\/div>\n<div class=\"arx_pad_2 center_text\">\n<img loading=\"lazy\" decoding=\"async\" src=\"http:\/\/cause.ch\/lab\/wp-content\/uploads\/2016\/12\/crowd-\u00a9laroulottedenyon2016.jpeg\" alt=\"crowd-laroulottedenyon2016\" width=\"960\" height=\"767\" class=\"alignnone size-full wp-image-3035\" srcset=\"https:\/\/cause.ch\/lab\/wp-content\/uploads\/2016\/12\/crowd-\u00a9laroulottedenyon2016.jpeg 960w, https:\/\/cause.ch\/lab\/wp-content\/uploads\/2016\/12\/crowd-\u00a9laroulottedenyon2016-300x240.jpeg 300w\" sizes=\"auto, (max-width: 960px) 100vw, 960px\" \/>\n<\/div>\n<div class=\"arx_pad_2 center_text\">\n<img loading=\"lazy\" decoding=\"async\" src=\"http:\/\/cause.ch\/lab\/wp-content\/uploads\/2016\/12\/sun-\u00a9laroulottedenyon2016.jpeg\" alt=\"sun-laroulottedenyon2016\" width=\"720\" height=\"960\" class=\"alignnone size-full wp-image-3040\" srcset=\"https:\/\/cause.ch\/lab\/wp-content\/uploads\/2016\/12\/sun-\u00a9laroulottedenyon2016.jpeg 720w, https:\/\/cause.ch\/lab\/wp-content\/uploads\/2016\/12\/sun-\u00a9laroulottedenyon2016-225x300.jpeg 225w\" sizes=\"auto, (max-width: 720px) 100vw, 720px\" \/>\n<\/div>\n<div class=\"arx_pad_2 center_text\">\n<img loading=\"lazy\" decoding=\"async\" src=\"http:\/\/cause.ch\/lab\/wp-content\/uploads\/2016\/12\/sacs-\u00a9laroulottedenyon2016.jpeg\" alt=\"sacs-laroulottedenyon2016\" width=\"960\" height=\"720\" class=\"alignnone size-full wp-image-3038\" srcset=\"https:\/\/cause.ch\/lab\/wp-content\/uploads\/2016\/12\/sacs-\u00a9laroulottedenyon2016.jpeg 960w, https:\/\/cause.ch\/lab\/wp-content\/uploads\/2016\/12\/sacs-\u00a9laroulottedenyon2016-300x225.jpeg 300w\" sizes=\"auto, (max-width: 960px) 100vw, 960px\" \/>\n<\/div>\n<div class=\"arx_pad_2 center_text\">\n<img loading=\"lazy\" decoding=\"async\" src=\"http:\/\/cause.ch\/lab\/wp-content\/uploads\/2016\/12\/view-\u00a9laroulottedenyon2016.jpeg\" alt=\"view-laroulottedenyon2016\" width=\"960\" height=\"767\" class=\"alignnone size-full wp-image-3042\" srcset=\"https:\/\/cause.ch\/lab\/wp-content\/uploads\/2016\/12\/view-\u00a9laroulottedenyon2016.jpeg 960w, https:\/\/cause.ch\/lab\/wp-content\/uploads\/2016\/12\/view-\u00a9laroulottedenyon2016-300x240.jpeg 300w\" sizes=\"auto, (max-width: 960px) 100vw, 960px\" \/>\n<\/div>\n<div class=\"arx_pad_2 center_text\">\n<img loading=\"lazy\" decoding=\"async\" src=\"http:\/\/cause.ch\/lab\/wp-content\/uploads\/2016\/12\/tresses-\u00a9cause2016.jpeg\" alt=\"tresses-cause2016\" width=\"960\" height=\"640\" class=\"alignnone size-full wp-image-3044\" srcset=\"https:\/\/cause.ch\/lab\/wp-content\/uploads\/2016\/12\/tresses-\u00a9cause2016.jpeg 960w, https:\/\/cause.ch\/lab\/wp-content\/uploads\/2016\/12\/tresses-\u00a9cause2016-300x200.jpeg 300w, https:\/\/cause.ch\/lab\/wp-content\/uploads\/2016\/12\/tresses-\u00a9cause2016-640x426.jpeg 640w\" sizes=\"auto, (max-width: 960px) 100vw, 960px\" \/>\n<\/div>\n","protected":false},"excerpt":{"rendered":"<p>Voil\u00e0 plus de cinq ans que les filles radieuses de l&#8217;association de<\/p>\n","protected":false},"author":4,"featured_media":0,"comment_status":"open","ping_status":"open","sticky":false,"template":"","format":"standard","meta":{"footnotes":""},"categories":[1],"tags":[275,341,390,7,389,392,338,90,339,391,29],"class_list":["post-3033","post","type-post","status-publish","format-standard","hentry","category-we-are-the-cause","tag-275","tag-artisans","tag-boulangerie","tag-cause","tag-jso","tag-la-roulotte","tag-marche-de-noel","tag-nyon","tag-sqaure","tag-tresses","tag-wearethecause"],"_links":{"self":[{"href":"https:\/\/cause.ch\/lab\/wp-json\/wp\/v2\/posts\/3033","targetHints":{"allow":["GET"]}}],"collection":[{"href":"https:\/\/cause.ch\/lab\/wp-json\/wp\/v2\/posts"}],"about":[{"href":"https:\/\/cause.ch\/lab\/wp-json\/wp\/v2\/types\/post"}],"author":[{"embeddable":true,"href":"https:\/\/cause.ch\/lab\/wp-json\/wp\/v2\/users\/4"}],"replies":[{"embeddable":true,"href":"https:\/\/cause.ch\/lab\/wp-json\/wp\/v2\/comments?post=3033"}],"version-history":[{"count":13,"href":"https:\/\/cause.ch\/lab\/wp-json\/wp\/v2\/posts\/3033\/revisions"}],"predecessor-version":[{"id":3056,"href":"https:\/\/cause.ch\/lab\/wp-json\/wp\/v2\/posts\/3033\/revisions\/3056"}],"wp:attachment":[{"href":"https:\/\/cause.ch\/lab\/wp-json\/wp\/v2\/media?parent=3033"}],"wp:term":[{"taxonomy":"category","embeddable":true,"href":"https:\/\/cause.ch\/lab\/wp-json\/wp\/v2\/categories?post=3033"},{"taxonomy":"post_tag","embeddable":true,"href":"https:\/\/cause.ch\/lab\/wp-json\/wp\/v2\/tags?post=3033"}],"curies":[{"name":"wp","href":"https:\/\/api.w.org\/{rel}","templated":true}]}}