{"id":3116,"date":"2016-12-16T12:14:57","date_gmt":"2016-12-16T11:14:57","guid":{"rendered":"http:\/\/cause.ch\/lab\/?p=3116"},"modified":"2016-12-27T12:43:24","modified_gmt":"2016-12-27T11:43:24","slug":"la-cote-16-12-16-square-2016","status":"publish","type":"post","link":"https:\/\/cause.ch\/lab\/we-are-the-cause\/la-cote-16-12-16-square-2016\/","title":{"rendered":"la C\u00f4te 16.12.16: Square 2016"},"content":{"rendered":"<div class=\"arx_pad_2 center_text\">\n<a href=\"http:\/\/www.lacote.ch\/articles\/regions\/district-de-nyon\/gland-l-association-cause-organise-son-marche-de-l-artisanat-local-613535\" target=\"_blank\"><img loading=\"lazy\" decoding=\"async\" src=\"http:\/\/cause.ch\/lab\/wp-content\/uploads\/2016\/12\/la-cote-16-12-16-\u00a9lacote2016.png\" alt=\"la-cote-16-12-16-lacote2016\" width=\"683\" height=\"687\" class=\"alignnone size-full wp-image-3117\" srcset=\"https:\/\/cause.ch\/lab\/wp-content\/uploads\/2016\/12\/la-cote-16-12-16-\u00a9lacote2016.png 683w, https:\/\/cause.ch\/lab\/wp-content\/uploads\/2016\/12\/la-cote-16-12-16-\u00a9lacote2016-150x150.png 150w, https:\/\/cause.ch\/lab\/wp-content\/uploads\/2016\/12\/la-cote-16-12-16-\u00a9lacote2016-298x300.png 298w\" sizes=\"auto, (max-width: 683px) 100vw, 683px\" \/><\/a>\n<\/div>\n<p class=\"arx_2_pages center_content arx_pad_2\">\nCause fait la une de l&#8217;\u00e9dition de <b><a href=\"http:\/\/www.lacote.ch\/articles\/regions\/district-de-nyon\/gland-l-association-cause-organise-son-marche-de-l-artisanat-local-613535\" target=\"_blank\">la C\u00f4te<\/a><\/b> de ce vendredi 16 d\u00e9cembre 2016, \u00e0 la veille de son premier <a href=\"http:\/\/cause.ch\/lab\/portfolio\/square\/\" target=\"_blank\"><b>march\u00e9 de l&#8217;artisanat<\/b><\/a>! Un grand merci \u00e0 l&#8217;\u00e9quipe du quotidien l\u00e9manique, particuli\u00e8rement \u00e0 <b><a href=\"http:\/\/www.lacote.ch\/auteurs\/fd\/\" target=\"_blank\">Fabien Darvey<\/a><\/b>, pour son texte, et <b><a href=\"http:\/\/www.sigfredoharo.com\/\" target=\"_blank\">Sigfredo Haro<\/a><\/b> pour les photos.\n<\/p>\n<div class=\"arx_pad_2 center_text\">\n<a href=\"http:\/\/www.lacote.ch\/articles\/regions\/district-de-nyon\/animes-par-le-flou-artistique-613648\" target=\"_blank\"><img loading=\"lazy\" decoding=\"async\" src=\"http:\/\/cause.ch\/lab\/wp-content\/uploads\/2016\/12\/la-cote-web-16-12-16-\u00a9lacote2016.png\" alt=\"la-cote-web-16-12-16-lacote2016\" width=\"683\" height=\"657\" class=\"alignnone size-full wp-image-3123\" srcset=\"https:\/\/cause.ch\/lab\/wp-content\/uploads\/2016\/12\/la-cote-web-16-12-16-\u00a9lacote2016.png 683w, https:\/\/cause.ch\/lab\/wp-content\/uploads\/2016\/12\/la-cote-web-16-12-16-\u00a9lacote2016-300x289.png 300w\" sizes=\"auto, (max-width: 683px) 100vw, 683px\" \/><\/a>\n<\/div>\n<div class=\"arx_pad_2 center_text\">\n<a href=\"http:\/\/www.lacote.ch\/\" target=\"_blank\"><img loading=\"lazy\" decoding=\"async\" src=\"http:\/\/cause.ch\/lab\/wp-content\/uploads\/2016\/12\/logo-\u00a9lacote.png\" alt=\"logo-lacote\" width=\"171\" height=\"58\" class=\"alignnone size-full wp-image-3118\" \/><\/a>\n<\/div>\n","protected":false},"excerpt":{"rendered":"<p>Cause fait la une de l&#8217;\u00e9dition de la C\u00f4te de ce vendredi 16 d\u00e9cembre 2016, \u00e0 la veille de son premier march\u00e9 de l&#8217;artisanat! Un grand merci \u00e0 l&#8217;\u00e9quipe du quotidien l\u00e9manique, particuli\u00e8rement \u00e0 Fabien Darvey, pour son texte, et Sigfredo Haro pour les photos.<\/p>\n","protected":false},"author":4,"featured_media":0,"comment_status":"open","ping_status":"open","sticky":false,"template":"","format":"standard","meta":{"footnotes":""},"categories":[182,1],"tags":[275,341,7,394,393,338,395,337,29],"class_list":["post-3116","post","type-post","status-publish","format-standard","hentry","category-presse","category-we-are-the-cause","tag-275","tag-artisans","tag-cause","tag-fabien-darvey","tag-la-cote","tag-marche-de-noel","tag-sigfredo-haro","tag-square","tag-wearethecause"],"_links":{"self":[{"href":"https:\/\/cause.ch\/lab\/wp-json\/wp\/v2\/posts\/3116","targetHints":{"allow":["GET"]}}],"collection":[{"href":"https:\/\/cause.ch\/lab\/wp-json\/wp\/v2\/posts"}],"about":[{"href":"https:\/\/cause.ch\/lab\/wp-json\/wp\/v2\/types\/post"}],"author":[{"embeddable":true,"href":"https:\/\/cause.ch\/lab\/wp-json\/wp\/v2\/users\/4"}],"replies":[{"embeddable":true,"href":"https:\/\/cause.ch\/lab\/wp-json\/wp\/v2\/comments?post=3116"}],"version-history":[{"count":9,"href":"https:\/\/cause.ch\/lab\/wp-json\/wp\/v2\/posts\/3116\/revisions"}],"predecessor-version":[{"id":3190,"href":"https:\/\/cause.ch\/lab\/wp-json\/wp\/v2\/posts\/3116\/revisions\/3190"}],"wp:attachment":[{"href":"https:\/\/cause.ch\/lab\/wp-json\/wp\/v2\/media?parent=3116"}],"wp:term":[{"taxonomy":"category","embeddable":true,"href":"https:\/\/cause.ch\/lab\/wp-json\/wp\/v2\/categories?post=3116"},{"taxonomy":"post_tag","embeddable":true,"href":"https:\/\/cause.ch\/lab\/wp-json\/wp\/v2\/tags?post=3116"}],"curies":[{"name":"wp","href":"https:\/\/api.w.org\/{rel}","templated":true}]}}