{"id":3128,"date":"2016-03-08T14:42:09","date_gmt":"2016-03-08T13:42:09","guid":{"rendered":"http:\/\/cause.ch\/lab\/?p=3128"},"modified":"2016-12-22T17:14:23","modified_gmt":"2016-12-22T16:14:23","slug":"nouvo-rts-8-3-16-mona-seraji","status":"publish","type":"post","link":"https:\/\/cause.ch\/lab\/we-are-the-cause\/nouvo-rts-8-3-16-mona-seraji\/","title":{"rendered":"Nouvo RTS 8.3.16: Mona Seraji"},"content":{"rendered":"<div class=\"arx_pad_2 center_text\">\n<iframe loading=\"lazy\" width=\"640\" height=\"315\" src=\"https:\/\/www.youtube.com\/embed\/VyKtEkcV-u0\" frameborder=\"0\" allowfullscreen><\/iframe>\n<\/div>\n<p class=\"arx_2_pages center_content arx_pad_2\">\n\u00c0 l&#8217;occasion de la journ\u00e9e internationale des droits de la femme ce 8 mars 2016, <b><a href=\"http:\/\/www.nouvo.ch\/\" target=\"_blank\">Nouvo<\/a><\/b> consacre un clip vid\u00e9o pour saluer le parcours inspirant de la jeune rideuse Mona Seraji des vall\u00e9es iraniennes vers nos hauteurs helv\u00e9tiques. Merci \u00e0 Marc Gagliardone et \u00e0 toute l&#8217;\u00e9quipe de l&#8217;\u00e9mission pour la mention et la mise en avant des activit\u00e9s de Cause \/ <b><a href=\"http:\/\/werideiniran.com\/\" target=\"_blank\">We Ride in Iran<\/a><\/b> sur les r\u00e9seaux de la premi\u00e8re cha\u00eene r\u00e9gionale.\n<\/p>\n<div class=\"arx_pad_2 center_text\">\n<a href=\"http:\/\/www.nouvo.ch\/\"><img loading=\"lazy\" decoding=\"async\" src=\"http:\/\/cause.ch\/lab\/wp-content\/uploads\/2016\/12\/logo-\u00a9nouvo.png\" alt=\"logo-nouvo\" width=\"150\" height=\"500\" class=\"alignnone size-full wp-image-3129\" \/><\/a>\n<\/div>\n","protected":false},"excerpt":{"rendered":"<p>\u00c0 l&#8217;occasion de la journ\u00e9e internationale des droits de la femme ce 8 mars 2016, Nouvo consacre un clip vid\u00e9o pour saluer le parcours inspirant de la jeune rideuse Mona Seraji des vall\u00e9es iraniennes vers nos hauteurs helv\u00e9tiques. Merci \u00e0 Marc Gagliardone et \u00e0 toute l&#8217;\u00e9quipe de l&#8217;\u00e9mission pour la mention et la mise en [&hellip;]<\/p>\n","protected":false},"author":4,"featured_media":0,"comment_status":"open","ping_status":"open","sticky":false,"template":"","format":"standard","meta":{"footnotes":""},"categories":[182,1],"tags":[7,258,396,282,29,31],"class_list":["post-3128","post","type-post","status-publish","format-standard","hentry","category-presse","category-we-are-the-cause","tag-cause","tag-mona-seraji","tag-nouvo","tag-rts","tag-wearethecause","tag-werideiniran"],"_links":{"self":[{"href":"https:\/\/cause.ch\/lab\/wp-json\/wp\/v2\/posts\/3128","targetHints":{"allow":["GET"]}}],"collection":[{"href":"https:\/\/cause.ch\/lab\/wp-json\/wp\/v2\/posts"}],"about":[{"href":"https:\/\/cause.ch\/lab\/wp-json\/wp\/v2\/types\/post"}],"author":[{"embeddable":true,"href":"https:\/\/cause.ch\/lab\/wp-json\/wp\/v2\/users\/4"}],"replies":[{"embeddable":true,"href":"https:\/\/cause.ch\/lab\/wp-json\/wp\/v2\/comments?post=3128"}],"version-history":[{"count":6,"href":"https:\/\/cause.ch\/lab\/wp-json\/wp\/v2\/posts\/3128\/revisions"}],"predecessor-version":[{"id":3146,"href":"https:\/\/cause.ch\/lab\/wp-json\/wp\/v2\/posts\/3128\/revisions\/3146"}],"wp:attachment":[{"href":"https:\/\/cause.ch\/lab\/wp-json\/wp\/v2\/media?parent=3128"}],"wp:term":[{"taxonomy":"category","embeddable":true,"href":"https:\/\/cause.ch\/lab\/wp-json\/wp\/v2\/categories?post=3128"},{"taxonomy":"post_tag","embeddable":true,"href":"https:\/\/cause.ch\/lab\/wp-json\/wp\/v2\/tags?post=3128"}],"curies":[{"name":"wp","href":"https:\/\/api.w.org\/{rel}","templated":true}]}}