{"id":3147,"date":"2016-12-23T15:57:51","date_gmt":"2016-12-23T14:57:51","guid":{"rendered":"http:\/\/cause.ch\/lab\/?p=3147"},"modified":"2016-12-27T12:42:45","modified_gmt":"2016-12-27T11:42:45","slug":"nyon-region-television-23-12-16","status":"publish","type":"post","link":"https:\/\/cause.ch\/lab\/presse\/nyon-region-television-23-12-16\/","title":{"rendered":"Nyon R\u00e9gion T\u00e9l\u00e9vision: 23.12.16"},"content":{"rendered":"<div class=\"arx_pad_0\">\n<a href=\"www.nrtv.ch\"><img loading=\"lazy\" decoding=\"async\" src=\"http:\/\/cause.ch\/lab\/wp-content\/uploads\/2016\/12\/\u00a9nyonregiontv-print-banner.jpeg\" alt=\"nyonregiontv-print-banner\" width=\"610\" height=\"122\" class=\"alignnone size-full wp-image-3148\" \/><\/a>\n<\/div>\n<div class=\"arx_pad_2 center_text\">\n<iframe loading=\"lazy\" width=\"610\" height=\"315\" src=\"https:\/\/www.youtube.com\/embed\/knr6YSvConM\" frameborder=\"0\" allowfullscreen><\/iframe>\n<\/div>\n<p class=\"arx_2_pages center_content arx_pad_2\">\nLes reporters de la cha\u00eene d&#8217;info locale <b>Nyon R\u00e9gion T\u00e9l\u00e9vision<\/b> \u00e9taient sur place \u00e0 <b><a href=\"http:\/\/cause.ch\/lab\/portfolio\/square\/\" target=\"_blank\">Square<\/a><\/b> le 17 d\u00e9cembre dernier, pour la couverture de notre premier march\u00e9 des artisans. Visite guid\u00e9e des diff\u00e9rents stands avec Marcel Perrin, notre agent architecte embl\u00e9matique, compl\u00e9t\u00e9 par quelques profils de participants.\n<\/p>\n<div class=\"arx_pad_2 center_text\">\n<a href=\"www.nrtv.ch\"><img loading=\"lazy\" decoding=\"async\" src=\"http:\/\/cause.ch\/lab\/wp-content\/uploads\/2016\/12\/logo-\u00a9nyonregiontv.jpeg\" alt=\"logo-nyonregiontv\" width=\"150\" height=\"900\" class=\"alignnone size-full wp-image-3149\" \/><\/a>\n<\/div>\n","protected":false},"excerpt":{"rendered":"<p>Les reporters de la cha\u00eene d&#8217;info locale Nyon R\u00e9gion T\u00e9l\u00e9vision \u00e9taient sur place \u00e0 Square le 17 d\u00e9cembre dernier, pour la couverture de notre premier march\u00e9 des artisans. Visite guid\u00e9e des diff\u00e9rents stands avec Marcel Perrin, notre agent architecte embl\u00e9matique, compl\u00e9t\u00e9 par quelques profils de participants.<\/p>\n","protected":false},"author":4,"featured_media":0,"comment_status":"open","ping_status":"open","sticky":false,"template":"","format":"standard","meta":{"footnotes":""},"categories":[182],"tags":[275,7,398,399,337,29],"class_list":["post-3147","post","type-post","status-publish","format-standard","hentry","category-presse","tag-275","tag-cause","tag-nrtv","tag-nyon-region","tag-square","tag-wearethecause"],"_links":{"self":[{"href":"https:\/\/cause.ch\/lab\/wp-json\/wp\/v2\/posts\/3147","targetHints":{"allow":["GET"]}}],"collection":[{"href":"https:\/\/cause.ch\/lab\/wp-json\/wp\/v2\/posts"}],"about":[{"href":"https:\/\/cause.ch\/lab\/wp-json\/wp\/v2\/types\/post"}],"author":[{"embeddable":true,"href":"https:\/\/cause.ch\/lab\/wp-json\/wp\/v2\/users\/4"}],"replies":[{"embeddable":true,"href":"https:\/\/cause.ch\/lab\/wp-json\/wp\/v2\/comments?post=3147"}],"version-history":[{"count":8,"href":"https:\/\/cause.ch\/lab\/wp-json\/wp\/v2\/posts\/3147\/revisions"}],"predecessor-version":[{"id":3189,"href":"https:\/\/cause.ch\/lab\/wp-json\/wp\/v2\/posts\/3147\/revisions\/3189"}],"wp:attachment":[{"href":"https:\/\/cause.ch\/lab\/wp-json\/wp\/v2\/media?parent=3147"}],"wp:term":[{"taxonomy":"category","embeddable":true,"href":"https:\/\/cause.ch\/lab\/wp-json\/wp\/v2\/categories?post=3147"},{"taxonomy":"post_tag","embeddable":true,"href":"https:\/\/cause.ch\/lab\/wp-json\/wp\/v2\/tags?post=3147"}],"curies":[{"name":"wp","href":"https:\/\/api.w.org\/{rel}","templated":true}]}}