{"id":3194,"date":"2016-12-29T00:33:51","date_gmt":"2016-12-28T23:33:51","guid":{"rendered":"http:\/\/cause.ch\/lab\/?p=3194"},"modified":"2016-12-31T18:14:09","modified_gmt":"2016-12-31T17:14:09","slug":"the-chalet-sessions","status":"publish","type":"post","link":"https:\/\/cause.ch\/lab\/we-are-the-cause\/the-chalet-sessions\/","title":{"rendered":"the Chalet Sessions"},"content":{"rendered":"<div class=\"arx_pad_2 center_text\">\n<a href=\"http:\/\/thechaletsessions.com\/\"><img loading=\"lazy\" decoding=\"async\" src=\"http:\/\/cause.ch\/lab\/wp-content\/uploads\/2016\/12\/affiche-\u00a9thechaletsessions2016.png\" alt=\"affiche-thechaletsessions2016\" width=\"960\" height=\"353\" class=\"alignnone size-full wp-image-3195\" srcset=\"https:\/\/cause.ch\/lab\/wp-content\/uploads\/2016\/12\/affiche-\u00a9thechaletsessions2016.png 960w, https:\/\/cause.ch\/lab\/wp-content\/uploads\/2016\/12\/affiche-\u00a9thechaletsessions2016-300x110.png 300w\" sizes=\"auto, (max-width: 960px) 100vw, 960px\" \/><\/a>\n<\/div>\n<p class=\"arx_0 center_content arx_pad_2\">\n<i><b>&#8220;The Chalet Sessions a \u00e9t\u00e9 cr\u00e9\u00e9 dans le but de soutenir les jeunes talents de demain et de promouvoir la sc\u00e8ne musicale suisse.&#8221;<\/i><\/b><\/p>\n<p><div class=\"arx_pad_1 center_text\">\n<a href=\"http:\/\/www.thechaletsessions.com\/\" target=\"_blank\"><img loading=\"lazy\" decoding=\"async\" src=\"http:\/\/cause.ch\/lab\/wp-content\/uploads\/2016\/12\/icon-\u00a9thechaletsessions2016.jpeg\" alt=\"icon-thechaletsessions2016\" width=\"100\" height=\"150\" class=\"alignnone size-full wp-image-3211\" \/><\/a>\n<\/div>\n<div class=\"arx_pad_2 center_content\">\n<div class=\"center_text arx_pad_0\" style=\"float:left\">\n<a href=\"https:\/\/www.facebook.com\/thechaletsessions\/\" target=\"_blank\"><img loading=\"lazy\" decoding=\"async\" src=\"http:\/\/cause.ch\/lab\/wp-content\/uploads\/2016\/12\/facebook-icon.png\" alt=\"facebook-icon\" width=\"32\" height=\"32\" class=\"alignnone size-full wp-image-2681\" \/><\/a>\n<\/div>\n<div class=\"center_text arx_pad_0\" style=\"float:right\">\n<a href=\"https:\/\/www.instagram.com\/thechaletsessions\/\" target=\"_blank\"><img loading=\"lazy\" decoding=\"async\" src=\"http:\/\/cause.ch\/lab\/wp-content\/uploads\/2016\/12\/instagram-icon.png\" alt=\"instagram-icon\" width=\"32\" height=\"32\" class=\"alignnone size-full wp-image-2682\" \/><\/a>\n<\/div>\n<div class=\"center_text arx_pad_0\" style=\"float:center\">\n<a href=\"http:\/\/thechaletsessions.com\/\" target=\"_blank\"><img loading=\"lazy\" decoding=\"async\" src=\"http:\/\/cause.ch\/lab\/wp-content\/uploads\/2016\/12\/text-\u00a9thechaletsessions2016.jpeg\" alt=\"text-thechaletsessions2016\" width=\"250\" height=\"30\" class=\"alignnone size-full wp-image-3217\" \/><\/a>\n<\/div>\n<\/div>\n<p class=\"arx_1 center_content arx_pad_0\">\nLa fin de l\u2019ann\u00e9e est l\u00e0, et avec elle l\u2019heure des r\u00e9solutions. L&#8217;instant o\u00f9 l&#8217;on fait le point, tourn\u00e9 vers l&#8217;avenir en qu\u00eate d&#8217;inspiration. Quoi de plus propice pour toi, toujours avide d&#8217;incitation positive, qu&#8217;une telle opportunit\u00e9 de d\u00e9couvrir un projet prometteur en pleine \u00e9closion? Voici une initiative qui \u00e0 coup s\u00fbr ne manquera pas de t&#8217;enthousiasmer: la mobilisation de la jeune association lausannoise des <b><a href=\"http:\/\/thechaletsessions.com\" target=\"_blank\">Chalet Sessions<\/a><\/b>.\n<\/p>\n<p class=\"arx_1 center_content arx_pad_1\">\nLe concept a \u00e9t\u00e9 initi\u00e9 en 2014 par un groupe de producteurs et sp\u00e9cialistes d\u00e9vou\u00e9s: une vid\u00e9aste experte en communication et informatique, deux ing\u00e9nieurs du son, et une facilitatrice certifi\u00e9e en droit et en management. Ensemble, ils consacrent leurs talents et temps libre \u00e0 leur passion pour la musique et les montagnes. La formule appliqu\u00e9e: une id\u00e9e accrocheuse pour des concr\u00e9tisations proprement abouties, avec un effet cool et entra\u00eenant.\n<\/p>\n<div class=\"arx_pad_0 center_text\">\n<a href=\"http:\/\/www.thechaletsessions.com\/\"><img loading=\"lazy\" decoding=\"async\" src=\"http:\/\/cause.ch\/lab\/wp-content\/uploads\/2016\/12\/team-\u00a9thechaletsessions2016-1024x683.jpeg\" alt=\"team-thechaletsessions2016\" width=\"1024\" height=\"683\" class=\"alignnone size-large wp-image-3271\" srcset=\"https:\/\/cause.ch\/lab\/wp-content\/uploads\/2016\/12\/team-\u00a9thechaletsessions2016-1024x683.jpeg 1024w, https:\/\/cause.ch\/lab\/wp-content\/uploads\/2016\/12\/team-\u00a9thechaletsessions2016-300x200.jpeg 300w, https:\/\/cause.ch\/lab\/wp-content\/uploads\/2016\/12\/team-\u00a9thechaletsessions2016-640x426.jpeg 640w\" sizes=\"auto, (max-width: 1024px) 100vw, 1024px\" \/><\/a>\n<\/div>\n<p class=\"arx_0 center_content center_text arx_pad_1\">\n<b><a href=\"http:\/\/www.thechaletsessions.com\" target=\"_blank\">Jeremy, Soraia, R\u00e9jane et Ewan: la team des Chalet Sessions<\/a><\/b>\n<\/p>\n<p class=\"arx_1 center_content arx_pad_0\">\nComme tu le d\u00e9couvriras par toi-m\u00eame en suivant les quelques liens affich\u00e9s plus bas, il s&#8217;agit d&#8217;une plateforme internet publiant les performances live de groupes de musique suisses, enregistr\u00e9es parmi les d\u00e9cors authentiques de chalets typiques au milieu de leurs panoramas alpins.\n<\/p>\n<p class=\"arx_1 center_content arx_pad_1\">\nUne fois mont\u00e9es, ces sessions musicales sont propuls\u00e9es sur la toile et les r\u00e9seaux sociaux, accessibles en consultation libre, pour le plaisir des yeux et des oreilles d\u2019une communaut\u00e9 grandissante d\u2019internautes m\u00e9lomanes. Le nombre de sessions en ligne se porte aujourd\u2019hui \u00e0 la vingtaine, avec une acc\u00e9l\u00e9ration constante de la fr\u00e9quence des publications.\n<\/p>\n<p class=\"arx_1 center_content arx_pad_0\">\nConsid\u00e8re ceci un instant: alors que certains se demandent comment diable s\u2019y prendre pour se faire remarquer en tant qu\u2019artiste musical en Suisse &#8211; ce qui n\u2019est certes pas une mince affaire, crois-moi &#8211; eux se sont anim\u00e9s, \u00e0 leurs frais qui plus est, \u00e0 dynamiser la diffusion, vectoriser le rep\u00e9rage et promouvoir la qualit\u00e9 d&#8217;un secteur somme-toute riche et foisonnant de la sc\u00e8ne culturelle du pays.\n<\/p>\n<p class=\"arx_1 center_content arx_pad_0\">\nEt pour ce, ils ont choisi la dimension originale, exploitant le contraste du groupe de musique actuelle plac\u00e9 dans le cadre cosy du chalet traditionnel en pleine campagne pittoresque.\n<\/p>\n<p class=\"arx_1 center_content arx_pad_0\">\nAu gr\u00e9 des sessions, le concept a \u00e9t\u00e9 assoupli, ne voulant se priver de l\u2019occasion d&#8217;encenser la beaut\u00e9 naturelle de nos r\u00e9gions: sortir des chalets, des hameaux pour laisser parler les paysages \u00ab\u00a0carte-postale\u00a0\u00bb \u00e9piques que tu connais bien.\n<\/p>\n<p class=\"arx_1 center_content arx_pad_1\">\n\u00c0 cet \u00e9gard, une id\u00e9e qui revient dans les intention du collectif est celle de s\u2019ouvrir \u00e0 toutes les r\u00e9gions alpines en Suisse, marquant la volont\u00e9 de transcender un peu les barri\u00e8res linguistiques qui contraignent trop souvent les canaux de distribution pour les artistes helv\u00e8tes.\n<\/p>\n<p class=\"arx_1 center_content arx_pad_1\">\nEn r\u00e9sum\u00e9, tu l\u2019as compris, c\u2019est le genre d\u2019histoire o\u00f9 tout le monde se retrouve gagnant au prix de l\u2019effort diligent de l\u2019\u00e9quipe. \u00c0 commencer par ceux-ci m\u00eame en premier: les acteurs du projet se pr\u00e9cisent le parfait moyen de soulager leur esprit de contribution aux domaines chers \u00e0 leurs penchants. Le plaisir qu\u2019ils prennent impr\u00e8gne l\u2019\u00e2me de ces vid\u00e9os qu\u2019ils font circuler. On les sent \u00e9panouis par ces parenth\u00e8ses de collaborations enrichissantes, emprunts de l\u2019\u00e9nergie cr\u00e9ative des groupes qu\u2019ils c\u00f4toient le temps d\u2019un week-end de tournage.\n<\/p>\n<p class=\"arx_1 center_content arx_pad_1\">\nLes artistes ensuite, bien s\u00fbr. Ces groupes s\u00e9lectionn\u00e9s selon des crit\u00e8res tr\u00e8s ouverts se voient b\u00e9n\u00e9ficier d\u2019une exp\u00e9rience d\u2019enregistrement audiovisuelle incontestablement avantageuse \u00e0 leur apprentissage. Au seul co\u00fbt de leur talent et motivation, ils se retrouvent avec un support de premi\u00e8re qualit\u00e9, d\u2019une patte professionnelle accomplie, id\u00e9al pour leur mise en avant sur leurs sites web. Cet ajout \u00e0 leurs portfolios les met en excellente position pour d\u00e9crocher des contrats aupr\u00e8s de labels et salles de concerts. Et ils profitent finalement d\u2019une audience de milliers d\u2019abonn\u00e9s aux r\u00e9seaux sociaux de la cha\u00eene Chalet Sessions, acc\u00e9dant aux statistiques croissantes de nombre de vues relev\u00e9es sur la plateforme.\n<\/p>\n<p class=\"arx_1 center_content arx_pad_1\">\nSans parler du public \u00e0 qui les Chalets Sessions permet gratuitement de faire d\u00e9couvrir ces nouveaux talents suisses. Des artistes dignes d\u2019un v\u00e9ritable int\u00e9r\u00eat, qui ne demandent qu\u2019\u00e0 se produire, comptant sur ce genre d\u2019initiatives sans lesquelles ils risquent de passer trop inaper\u00e7us par rapport \u00e0 leur potentiel.\n<\/p>\n<p class=\"arx_1 center_content arx_pad_1\">\nEt bien \u00e9videmment, n&#8217;est-ce pas, les r\u00e9gions, les stations et le tourisme alpin, qui d\u00e9pendent toujours de telles mises en valeur de la beaut\u00e9 inestimable de notre pays et son patrimoine, les cimes et leurs chalets qu&#8217;on porte tous dans le c\u0153ur&#8230;\n<\/p>\n<p class=\"arx_1 center_content arx_pad_0\">\nAlors avant de te laisser te faire ta propre impression pour confirmer, esp\u00e9rons-le, cet avis exalt\u00e9: que dire des ambitions de l\u2019association? \u00c0 cela, il semble qu&#8217;il n&#8217;y ait rien de moins \u00e0 esp\u00e9rer qu\u2019un passage aux Chalets Sessions devienne reconnu comme un rite r\u00e9f\u00e9rentiel, une \u00e9tape incontournable pour l\u2019artiste Suisse qui cherche \u00e0 s\u2019affirmer sur la sc\u00e8ne musicale, un moment charni\u00e8re dans sa carri\u00e8re.\n<\/p>\n<p class=\"arx_1 center_content arx_pad_2\">\nUne aspiration r\u00e9alisable, on n&#8217;en doute pas &#8211; mais pas sans ton pr\u00e9cieux soutien. Alors tu sais ce qui te reste \u00e0 faire: cours donc t\u2019<b><u><a href=\"http:\/\/www.thechaletsessions.com\/#contact-section\" target=\"_blank\">abonner<\/a><\/b><\/u> \u00e0 leur cha\u00eene pour marquer la fin de l\u2019ann\u00e9e avec la conscience solide d\u2019une bonne action, en groovant aux sons et images de ces groupes en alpage!\n<\/p>\n<p class=\"arx_0 center_content arx_pad_2\">\ntexte: <b>P. von Arx<\/b>\n<\/p>\n<div class=\"arx_pad_0 center_text\">\n<a href=\"http:\/\/www.thechaletsessions.com\/the-sessions\/2016\/12\/14\/chalet-session-19-cosmic-fields-geneva-switzerland-2\" target=\"_blank\"><img loading=\"lazy\" decoding=\"async\" src=\"http:\/\/cause.ch\/lab\/wp-content\/uploads\/2016\/12\/cosmic-fields-2-\u00a9thechaletsessions2016.jpeg\" alt=\"cosmic-fields-2-thechaletsessions2016\" width=\"960\" height=\"640\" class=\"alignnone size-full wp-image-3197\" srcset=\"https:\/\/cause.ch\/lab\/wp-content\/uploads\/2016\/12\/cosmic-fields-2-\u00a9thechaletsessions2016.jpeg 960w, https:\/\/cause.ch\/lab\/wp-content\/uploads\/2016\/12\/cosmic-fields-2-\u00a9thechaletsessions2016-300x200.jpeg 300w, https:\/\/cause.ch\/lab\/wp-content\/uploads\/2016\/12\/cosmic-fields-2-\u00a9thechaletsessions2016-640x426.jpeg 640w\" sizes=\"auto, (max-width: 960px) 100vw, 960px\" \/><\/a>\n<\/div>\n<p class=\"arx_0 center_content center_text arx_pad_2\">\n<b><a href=\"http:\/\/www.thechaletsessions.com\/the-sessions\/2016\/12\/14\/chalet-session-19-cosmic-fields-geneva-switzerland-2\" target=\"_blank\">Chalet Session # 19: Cosmic Fields (Gen\u00e8ve, Suisse)<\/a><\/b>\n<\/p>\n<div class=\"arx_pad_0 center_text\">\n<a href=\"http:\/\/www.thechaletsessions.com\/the-sessions\/2016\/9\/13\/chalet-session-17-transistor-girl-geneva-switzerland\" target=\"_blank\"><img loading=\"lazy\" decoding=\"async\" src=\"http:\/\/cause.ch\/lab\/wp-content\/uploads\/2016\/12\/transistor-girl-\u00a9thechaletsessions2016.jpeg\" alt=\"transistor-girl-thechaletsessions2016\" width=\"960\" height=\"641\" class=\"alignnone size-full wp-image-3210\" srcset=\"https:\/\/cause.ch\/lab\/wp-content\/uploads\/2016\/12\/transistor-girl-\u00a9thechaletsessions2016.jpeg 960w, https:\/\/cause.ch\/lab\/wp-content\/uploads\/2016\/12\/transistor-girl-\u00a9thechaletsessions2016-300x200.jpeg 300w, https:\/\/cause.ch\/lab\/wp-content\/uploads\/2016\/12\/transistor-girl-\u00a9thechaletsessions2016-640x426.jpeg 640w\" sizes=\"auto, (max-width: 960px) 100vw, 960px\" \/><\/a>\n<\/div>\n<p class=\"arx_0 center_content center_text arx_pad_2\">\n<b><a href=\"http:\/\/www.thechaletsessions.com\/the-sessions\/2016\/9\/13\/chalet-session-17-transistor-girl-geneva-switzerland\" target=\"_blank\">Chalet Session #17: Transistor Girl (Geneva, Switzerland)<\/a><\/b>\n<\/p>\n<div class=\"arx_pad_0 center_text\">\n<a href=\"http:\/\/www.thechaletsessions.com\/the-sessions\/2016\/6\/6\/chalet-session-13-quiet-island-geneva-switzerland\" target=\"_blank\"><img loading=\"lazy\" decoding=\"async\" src=\"http:\/\/cause.ch\/lab\/wp-content\/uploads\/2016\/12\/quiet-island-\u00a9thechaletsessions2016.jpeg\" alt=\"quiet-island-thechaletsessions2016\" width=\"960\" height=\"640\" class=\"alignnone size-full wp-image-3208\" srcset=\"https:\/\/cause.ch\/lab\/wp-content\/uploads\/2016\/12\/quiet-island-\u00a9thechaletsessions2016.jpeg 960w, https:\/\/cause.ch\/lab\/wp-content\/uploads\/2016\/12\/quiet-island-\u00a9thechaletsessions2016-300x200.jpeg 300w, https:\/\/cause.ch\/lab\/wp-content\/uploads\/2016\/12\/quiet-island-\u00a9thechaletsessions2016-640x426.jpeg 640w\" sizes=\"auto, (max-width: 960px) 100vw, 960px\" \/><\/a>\n<\/div>\n<p class=\"arx_0 center_content center_text arx_pad_2\">\n<b><a href=\"http:\/\/www.thechaletsessions.com\/the-sessions\/2016\/6\/6\/chalet-session-13-quiet-island-geneva-switzerland\" target=\"_blank\">Chalet Session #13: Quiet Island (Gen\u00e8ve, Suisse)<\/a><\/b>\n<\/p>\n<div class=\"arx_pad_0 center_text\">\n<a href=\"http:\/\/www.thechaletsessions.com\/the-sessions\/2015\/12\/4\/nci30c305lxj9rt8jwpz3l2hfaojkr\" target=\"_blank\"><img loading=\"lazy\" decoding=\"async\" src=\"http:\/\/cause.ch\/lab\/wp-content\/uploads\/2016\/12\/thetwo-\u00a9thechaletsessions2016.jpeg\" alt=\"thetwo-thechaletsessions2016\" width=\"960\" height=\"641\" class=\"alignnone size-full wp-image-3209\" srcset=\"https:\/\/cause.ch\/lab\/wp-content\/uploads\/2016\/12\/thetwo-\u00a9thechaletsessions2016.jpeg 960w, https:\/\/cause.ch\/lab\/wp-content\/uploads\/2016\/12\/thetwo-\u00a9thechaletsessions2016-300x200.jpeg 300w, https:\/\/cause.ch\/lab\/wp-content\/uploads\/2016\/12\/thetwo-\u00a9thechaletsessions2016-640x426.jpeg 640w\" sizes=\"auto, (max-width: 960px) 100vw, 960px\" \/><\/a>\n<\/div>\n<p class=\"arx_0 center_content center_text arx_pad_2\">\n<b><a href=\"http:\/\/www.thechaletsessions.com\/the-sessions\/2015\/12\/4\/nci30c305lxj9rt8jwpz3l2hfaojkr\" target=\"_blank\">Chalet Session #9: The Two (Lausanne, Suisse)<\/a><\/b>\n<\/p>\n<div class=\"arx_pad_0 center_text\">\n<a href=\"http:\/\/www.thechaletsessions.com\/the-sessions\/2015\/9\/30\/chalet-session-8-de-mon-chri-and-arnett-williams-lausanne-switzerland\" target=\"_blank\"><img loading=\"lazy\" decoding=\"async\" src=\"http:\/\/cause.ch\/lab\/wp-content\/uploads\/2016\/12\/o-de-mon-cheri-\u00a9thechaletsessions2016.jpeg\" alt=\"o-de-mon-cheri-thechaletsessions2016\" width=\"960\" height=\"641\" class=\"alignnone size-full wp-image-3207\" srcset=\"https:\/\/cause.ch\/lab\/wp-content\/uploads\/2016\/12\/o-de-mon-cheri-\u00a9thechaletsessions2016.jpeg 960w, https:\/\/cause.ch\/lab\/wp-content\/uploads\/2016\/12\/o-de-mon-cheri-\u00a9thechaletsessions2016-300x200.jpeg 300w, https:\/\/cause.ch\/lab\/wp-content\/uploads\/2016\/12\/o-de-mon-cheri-\u00a9thechaletsessions2016-640x426.jpeg 640w\" sizes=\"auto, (max-width: 960px) 100vw, 960px\" \/><\/a>\n<\/div>\n<p class=\"arx_0 center_content center_text arx_pad_2\">\n<b><a href=\"http:\/\/www.thechaletsessions.com\/the-sessions\/2015\/9\/30\/chalet-session-8-de-mon-chri-and-arnett-williams-lausanne-switzerland\" target=\"_blank\">Chalet Session #8: \u00d4 de Mon Ch\u00e9ri et Arnett Williams (Lausanne, Suisse)<\/a><\/b>\n<\/p>\n<div class=\"arx_pad_0 center_text\">\n<a href=\"http:\/\/www.thechaletsessions.com\/the-sessions\/2016\/8\/23\/chalet-session-16-elynn-the-green-lausanne-switzerland\" target=\"_blank\"><img loading=\"lazy\" decoding=\"async\" src=\"http:\/\/cause.ch\/lab\/wp-content\/uploads\/2016\/12\/elynn-the-green-\u00a9thechaletsessions2016.jpeg\" alt=\"elynn-the-green-thechaletsessions2016\" width=\"960\" height=\"640\" class=\"alignnone size-full wp-image-3200\" srcset=\"https:\/\/cause.ch\/lab\/wp-content\/uploads\/2016\/12\/elynn-the-green-\u00a9thechaletsessions2016.jpeg 960w, https:\/\/cause.ch\/lab\/wp-content\/uploads\/2016\/12\/elynn-the-green-\u00a9thechaletsessions2016-300x200.jpeg 300w, https:\/\/cause.ch\/lab\/wp-content\/uploads\/2016\/12\/elynn-the-green-\u00a9thechaletsessions2016-640x426.jpeg 640w\" sizes=\"auto, (max-width: 960px) 100vw, 960px\" \/><\/a>\n<\/div>\n<p class=\"arx_0 center_content center_text arx_pad_2\">\n<b><a href=\"http:\/\/www.thechaletsessions.com\/the-sessions\/2016\/8\/23\/chalet-session-16-elynn-the-green-lausanne-switzerland\" target=\"_blank\">Chalet Session #16: Elynn the Green (Lausanne, Suisse)<\/a><\/b>\n<\/p>\n<div class=\"arx_pad_0 center_text\">\n<a href=\"http:\/\/www.thechaletsessions.com\/#contact-section\" target=\"_blank\"><img loading=\"lazy\" decoding=\"async\" src=\"http:\/\/cause.ch\/lab\/wp-content\/uploads\/2016\/12\/looking-for-chalets-\u00a9thechaletsessions2016.jpeg\" alt=\"looking-for-chalets-thechaletsessions2016\" width=\"960\" height=\"568\" class=\"alignnone size-full wp-image-3205\" srcset=\"https:\/\/cause.ch\/lab\/wp-content\/uploads\/2016\/12\/looking-for-chalets-\u00a9thechaletsessions2016.jpeg 960w, https:\/\/cause.ch\/lab\/wp-content\/uploads\/2016\/12\/looking-for-chalets-\u00a9thechaletsessions2016-300x178.jpeg 300w\" sizes=\"auto, (max-width: 960px) 100vw, 960px\" \/><\/a>\n<\/div>\n<p class=\"arx_0 center_content center_text arx_pad_2\">\n<b><a href=\"http:\/\/www.thechaletsessions.com\/#contact-section\" target=\"_blank\">Les Sessions sont toujours \u00e0 la recherche de chalets!<\/a><\/b>\n<\/p>\n<div class=\"arx_pad_2 center_text\">\n<a href=\"http:\/\/www.thechaletsessions.com\/\" target=\"_blank\"><img loading=\"lazy\" decoding=\"async\" src=\"http:\/\/cause.ch\/lab\/wp-content\/uploads\/2016\/12\/twitter-\u00a9thechaletsessions2016.jpeg\" alt=\"twitter-thechaletsessions2016\" width=\"250\" height=\"512\" class=\"alignnone size-full wp-image-3212\" \/>\n<\/div>\n","protected":false},"excerpt":{"rendered":"<p>&#8220;The Chalet Sessions a \u00e9t\u00e9 cr\u00e9\u00e9 dans le but de soutenir les jeunes talents de demain et de promouvoir la sc\u00e8ne musicale suisse.&#8221; La fin de l\u2019ann\u00e9e est l\u00e0, et avec elle l\u2019heure des r\u00e9solutions. L&#8217;instant o\u00f9 l&#8217;on fait le point, tourn\u00e9 vers l&#8217;avenir en qu\u00eate d&#8217;inspiration. Quoi de plus propice pour toi, toujours avide [&hellip;]<\/p>\n","protected":false},"author":4,"featured_media":0,"comment_status":"open","ping_status":"open","sticky":false,"template":"","format":"standard","meta":{"footnotes":""},"categories":[1],"tags":[401,7,402,240,400,29],"class_list":["post-3194","post","type-post","status-publish","format-standard","hentry","category-we-are-the-cause","tag-association","tag-cause","tag-collectif","tag-music","tag-the-chalet-sessions","tag-wearethecause"],"_links":{"self":[{"href":"https:\/\/cause.ch\/lab\/wp-json\/wp\/v2\/posts\/3194","targetHints":{"allow":["GET"]}}],"collection":[{"href":"https:\/\/cause.ch\/lab\/wp-json\/wp\/v2\/posts"}],"about":[{"href":"https:\/\/cause.ch\/lab\/wp-json\/wp\/v2\/types\/post"}],"author":[{"embeddable":true,"href":"https:\/\/cause.ch\/lab\/wp-json\/wp\/v2\/users\/4"}],"replies":[{"embeddable":true,"href":"https:\/\/cause.ch\/lab\/wp-json\/wp\/v2\/comments?post=3194"}],"version-history":[{"count":59,"href":"https:\/\/cause.ch\/lab\/wp-json\/wp\/v2\/posts\/3194\/revisions"}],"predecessor-version":[{"id":3273,"href":"https:\/\/cause.ch\/lab\/wp-json\/wp\/v2\/posts\/3194\/revisions\/3273"}],"wp:attachment":[{"href":"https:\/\/cause.ch\/lab\/wp-json\/wp\/v2\/media?parent=3194"}],"wp:term":[{"taxonomy":"category","embeddable":true,"href":"https:\/\/cause.ch\/lab\/wp-json\/wp\/v2\/categories?post=3194"},{"taxonomy":"post_tag","embeddable":true,"href":"https:\/\/cause.ch\/lab\/wp-json\/wp\/v2\/tags?post=3194"}],"curies":[{"name":"wp","href":"https:\/\/api.w.org\/{rel}","templated":true}]}}