{"id":3275,"date":"2017-01-03T11:27:13","date_gmt":"2017-01-03T10:27:13","guid":{"rendered":"http:\/\/cause.ch\/lab\/?p=3275"},"modified":"2017-01-09T18:14:45","modified_gmt":"2017-01-09T17:14:45","slug":"skiing-noshaq-2","status":"publish","type":"post","link":"https:\/\/cause.ch\/lab\/we-are-the-cause\/skiing-noshaq-2\/","title":{"rendered":"Skiing Noshaq"},"content":{"rendered":"<div class=\"arx_pad_2 center_text\">\n<iframe loading=\"lazy\" src=\"https:\/\/player.vimeo.com\/video\/162948363?title=0&#038;byline=0&#038;portrait=0\" width=\"640\" height=\"360\" frameborder=\"0\" webkitallowfullscreen mozallowfullscreen allowfullscreen><\/iframe>\n<\/div>\n<p class=\"arx_0 center_content arx_pad_2\">\n<i>Un film de<\/i> <b>Lois Robatel<\/b> et <b> Arnaud Cottet<\/b><br \/>\n<i>Mont\u00e9 par<\/i> <b>Jules Guarneri<\/b><br \/>\n<i>avec<\/i> <b>Nicolas Bossard<\/b>, <b>Serge Th\u00e9lin<\/b> et <b>David Lavie<\/b>\n<\/p>\n<p class=\"arx_2_pages center_content arx_pad_1\">\nCause \u00e0 le grand plaisir de vous pr\u00e9senter son film ramen\u00e9 d&#8217;un p\u00e9riple vers l&#8217;Afghanistan et ses sommets \u00e9piques: <b><a href=\"http:\/\/skiingnoshaq.com\/\" target=\"_blank\">Skiing Noshaq<\/a><\/b>! R\u00e9alis\u00e9 en 2015 par Lo\u00efs Robatel &#038; Arnaud Cottet, avec des remerciements sp\u00e9ciaux \u00e0 Jules Guarneri pour le montage, Naomi Gallay pour le design graphique et Marc Alberisio pour le montage sonore.\n<\/p>\n<p class=\"arx_2_pages arx_pad_2 center_content\">\nVisitez la page <b><a href=\"http:\/\/cause.ch\/lab\/portfolio\/skiing-noshaq\/\" target=\"_blank\">Skiing Noshaq<\/a><\/b> de notre portfolio pour tous les d\u00e9tails sur cette aventure \u00e0 couper le souffle!\n<\/p>\n<div class=\"arx_pad_2 center_text\">\n<a href=\"http:\/\/skiingnoshaq.com\/\" target=\"_blank\"><img loading=\"lazy\" decoding=\"async\" src=\"http:\/\/cause.ch\/lab\/wp-content\/uploads\/2015\/12\/logo-skiing-noshaq-\u00a9cause2015.jpg\" alt=\"logo-skiing-noshaq-\u00a9cause2015\" width=\"150\" height=\"150\" class=\"alignnone size-full wp-image-2224\" \/><\/a>\n<\/div>\n<div class=\"arx_pad_2 center_text\">\n<a href=\"http:\/\/cause.ch\/lab\/wp-content\/uploads\/2015\/12\/lois-robatel-at-the-wheel-turkey-\u00a9cause2015.jpg\"><img loading=\"lazy\" decoding=\"async\" src=\"http:\/\/cause.ch\/lab\/wp-content\/uploads\/2015\/12\/lois-robatel-at-the-wheel-turkey-\u00a9cause2015.jpg\" alt=\"lois-robatel-at-the-wheel-turkey-\u00a9cause2015\" width=\"1000\" height=\"684\" class=\"alignnone size-full wp-image-2225\" srcset=\"https:\/\/cause.ch\/lab\/wp-content\/uploads\/2015\/12\/lois-robatel-at-the-wheel-turkey-\u00a9cause2015.jpg 1000w, https:\/\/cause.ch\/lab\/wp-content\/uploads\/2015\/12\/lois-robatel-at-the-wheel-turkey-\u00a9cause2015-300x205.jpg 300w\" sizes=\"auto, (max-width: 1000px) 100vw, 1000px\" \/><\/a>\n<\/div>\n<div class=\"arx_pad_2 center_text\">\n<a href=\"http:\/\/cause.ch\/lab\/wp-content\/uploads\/2015\/12\/arnaud-cottet-looking-ahead-toward-noshaq-tajikistan-\u00a9cause2015.jpg\"><img loading=\"lazy\" decoding=\"async\" src=\"http:\/\/cause.ch\/lab\/wp-content\/uploads\/2015\/12\/arnaud-cottet-looking-ahead-toward-noshaq-tajikistan-\u00a9cause2015.jpg\" alt=\"arnaud-cottet-looking-ahead-toward-noshaq-tajikistan-\u00a9cause2015\" width=\"1000\" height=\"667\" class=\"alignnone size-full wp-image-2221\" srcset=\"https:\/\/cause.ch\/lab\/wp-content\/uploads\/2015\/12\/arnaud-cottet-looking-ahead-toward-noshaq-tajikistan-\u00a9cause2015.jpg 1000w, https:\/\/cause.ch\/lab\/wp-content\/uploads\/2015\/12\/arnaud-cottet-looking-ahead-toward-noshaq-tajikistan-\u00a9cause2015-300x200.jpg 300w, https:\/\/cause.ch\/lab\/wp-content\/uploads\/2015\/12\/arnaud-cottet-looking-ahead-toward-noshaq-tajikistan-\u00a9cause2015-640x426.jpg 640w\" sizes=\"auto, (max-width: 1000px) 100vw, 1000px\" \/><\/a>\n<\/div>\n<div class=\"arx_pad_2 center_text\">\n<a href=\"http:\/\/cause.ch\/lab\/wp-content\/uploads\/2015\/12\/cruising-in-iran-road-trip-\u00a9cause2015.jpg\"><img loading=\"lazy\" decoding=\"async\" src=\"http:\/\/cause.ch\/lab\/wp-content\/uploads\/2015\/12\/cruising-in-iran-road-trip-\u00a9cause2015.jpg\" alt=\"cruising-in-iran-road-trip-\u00a9cause2015\" width=\"1000\" height=\"667\" class=\"alignnone size-full wp-image-2223\" srcset=\"https:\/\/cause.ch\/lab\/wp-content\/uploads\/2015\/12\/cruising-in-iran-road-trip-\u00a9cause2015.jpg 1000w, https:\/\/cause.ch\/lab\/wp-content\/uploads\/2015\/12\/cruising-in-iran-road-trip-\u00a9cause2015-300x200.jpg 300w, https:\/\/cause.ch\/lab\/wp-content\/uploads\/2015\/12\/cruising-in-iran-road-trip-\u00a9cause2015-640x426.jpg 640w\" sizes=\"auto, (max-width: 1000px) 100vw, 1000px\" \/><\/a>\n<\/div>\n<div class=\"arx_pad_2 center_text\">\n<a href=\"http:\/\/cause.ch\/lab\/wp-content\/uploads\/2015\/12\/panj-river-bridge-afghanistan-tajikistan-\u00a9cause2015.jpg\"><img loading=\"lazy\" decoding=\"async\" src=\"http:\/\/cause.ch\/lab\/wp-content\/uploads\/2015\/12\/panj-river-bridge-afghanistan-tajikistan-\u00a9cause2015.jpg\" alt=\"panj-river-bridge-afghanistan-tajikistan-\u00a9cause2015\" width=\"1000\" height=\"663\" class=\"alignnone size-full wp-image-2230\" srcset=\"https:\/\/cause.ch\/lab\/wp-content\/uploads\/2015\/12\/panj-river-bridge-afghanistan-tajikistan-\u00a9cause2015.jpg 1000w, https:\/\/cause.ch\/lab\/wp-content\/uploads\/2015\/12\/panj-river-bridge-afghanistan-tajikistan-\u00a9cause2015-300x199.jpg 300w\" sizes=\"auto, (max-width: 1000px) 100vw, 1000px\" \/><\/a>\n<\/div>\n<div class=\"arx_pad_2 center_text\">\n<a href=\"http:\/\/cause.ch\/lab\/wp-content\/uploads\/2015\/12\/austrian-skiing-noshaq-pioneers-1970.jpg\"><img loading=\"lazy\" decoding=\"async\" src=\"http:\/\/cause.ch\/lab\/wp-content\/uploads\/2015\/12\/austrian-skiing-noshaq-pioneers-1970.jpg\" alt=\"austrian-skiing-noshaq-pioneers-1970\" width=\"665\" height=\"1000\" class=\"alignnone size-full wp-image-2222\" srcset=\"https:\/\/cause.ch\/lab\/wp-content\/uploads\/2015\/12\/austrian-skiing-noshaq-pioneers-1970.jpg 665w, https:\/\/cause.ch\/lab\/wp-content\/uploads\/2015\/12\/austrian-skiing-noshaq-pioneers-1970-200x300.jpg 200w\" sizes=\"auto, (max-width: 665px) 100vw, 665px\" \/><\/a>\n<\/div>\n<div class=\"arx_pad_2 center_text\">\n<a href=\"http:\/\/cause.ch\/lab\/wp-content\/uploads\/2015\/12\/noshaq-mule-climb-afghanistan-\u00a9cause2015.jpg\"><img loading=\"lazy\" decoding=\"async\" src=\"http:\/\/cause.ch\/lab\/wp-content\/uploads\/2015\/12\/noshaq-mule-climb-afghanistan-\u00a9cause2015.jpg\" alt=\"noshaq-mule-climb-afghanistan-\u00a9cause2015\" width=\"1000\" height=\"751\" class=\"alignnone size-full wp-image-2229\" srcset=\"https:\/\/cause.ch\/lab\/wp-content\/uploads\/2015\/12\/noshaq-mule-climb-afghanistan-\u00a9cause2015.jpg 1000w, https:\/\/cause.ch\/lab\/wp-content\/uploads\/2015\/12\/noshaq-mule-climb-afghanistan-\u00a9cause2015-300x225.jpg 300w\" sizes=\"auto, (max-width: 1000px) 100vw, 1000px\" \/><\/a>\n<\/div>\n<div class=\"arx_pad_2 center_text\">\n<a href=\"http:\/\/cause.ch\/lab\/wp-content\/uploads\/2015\/12\/noshaq-death-valley-\u00a9cause2015.jpg\"><img loading=\"lazy\" decoding=\"async\" src=\"http:\/\/cause.ch\/lab\/wp-content\/uploads\/2015\/12\/noshaq-death-valley-\u00a9cause2015.jpg\" alt=\"noshaq-death-valley-\u00a9cause2015\" width=\"1000\" height=\"667\" class=\"alignnone size-full wp-image-2228\" srcset=\"https:\/\/cause.ch\/lab\/wp-content\/uploads\/2015\/12\/noshaq-death-valley-\u00a9cause2015.jpg 1000w, https:\/\/cause.ch\/lab\/wp-content\/uploads\/2015\/12\/noshaq-death-valley-\u00a9cause2015-300x200.jpg 300w, https:\/\/cause.ch\/lab\/wp-content\/uploads\/2015\/12\/noshaq-death-valley-\u00a9cause2015-640x426.jpg 640w\" sizes=\"auto, (max-width: 1000px) 100vw, 1000px\" \/><\/a>\n<\/div>\n<div class=\"arx_pad_2 center_text\">\n<a href=\"http:\/\/cause.ch\/lab\/wp-content\/uploads\/2015\/12\/nicolas-bossard-serge-thelin-afghan-mountains-\u00a9cause2015.jpg\"><img loading=\"lazy\" decoding=\"async\" src=\"http:\/\/cause.ch\/lab\/wp-content\/uploads\/2015\/12\/nicolas-bossard-serge-thelin-afghan-mountains-\u00a9cause2015.jpg\" alt=\"nicolas-bossard-serge-thelin-afghan-mountains-\u00a9cause2015\" width=\"1000\" height=\"663\" class=\"alignnone size-full wp-image-2226\" srcset=\"https:\/\/cause.ch\/lab\/wp-content\/uploads\/2015\/12\/nicolas-bossard-serge-thelin-afghan-mountains-\u00a9cause2015.jpg 1000w, https:\/\/cause.ch\/lab\/wp-content\/uploads\/2015\/12\/nicolas-bossard-serge-thelin-afghan-mountains-\u00a9cause2015-300x199.jpg 300w\" sizes=\"auto, (max-width: 1000px) 100vw, 1000px\" \/><\/a>\n<\/div>\n<div class=\"arx_pad_2 center_text\">\n<a href=\"http:\/\/cause.ch\/lab\/wp-content\/uploads\/2015\/12\/arnaud-cottet-freeski-afghanistan-\u00a9cause2015.jpg\"><img loading=\"lazy\" decoding=\"async\" src=\"http:\/\/cause.ch\/lab\/wp-content\/uploads\/2015\/12\/arnaud-cottet-freeski-afghanistan-\u00a9cause2015.jpg\" alt=\"arnaud-cottet-freeski-afghanistan-\u00a9cause2015\" width=\"1000\" height=\"666\" class=\"alignnone size-full wp-image-2220\" srcset=\"https:\/\/cause.ch\/lab\/wp-content\/uploads\/2015\/12\/arnaud-cottet-freeski-afghanistan-\u00a9cause2015.jpg 1000w, https:\/\/cause.ch\/lab\/wp-content\/uploads\/2015\/12\/arnaud-cottet-freeski-afghanistan-\u00a9cause2015-300x200.jpg 300w, https:\/\/cause.ch\/lab\/wp-content\/uploads\/2015\/12\/arnaud-cottet-freeski-afghanistan-\u00a9cause2015-640x426.jpg 640w\" sizes=\"auto, (max-width: 1000px) 100vw, 1000px\" \/><\/a>\n<\/div>\n<div class=\"arx_pad_2 center_text\">\n<a href=\"http:\/\/skiingnoshaq.com\/\" target=\"_blank\"><img loading=\"lazy\" decoding=\"async\" src=\"http:\/\/cause.ch\/lab\/wp-content\/uploads\/2015\/12\/logo-skiing-noshaq-\u00a9cause2015.jpg\" alt=\"logo-skiing-noshaq-\u00a9cause2015\" width=\"150\" height=\"150\" class=\"alignnone size-full wp-image-2224\" \/><\/a>\n<\/div>\n","protected":false},"excerpt":{"rendered":"<p>Un film de Lois Robatel et Arnaud Cottet Mont\u00e9 par Jules Guarneri avec Nicolas Bossard, Serge Th\u00e9lin et David Lavie Cause \u00e0 le grand plaisir de vous pr\u00e9senter son film ramen\u00e9 d&#8217;un p\u00e9riple vers l&#8217;Afghanistan et ses sommets \u00e9piques: Skiing Noshaq! R\u00e9alis\u00e9 en 2015 par Lo\u00efs Robatel &#038; Arnaud Cottet, avec des remerciements sp\u00e9ciaux \u00e0 [&hellip;]<\/p>\n","protected":false},"author":4,"featured_media":0,"comment_status":"open","ping_status":"open","sticky":false,"template":"","format":"standard","meta":{"footnotes":""},"categories":[1],"tags":[247,33,7,249,403,107,252,195,248,250,253,251,29],"class_list":["post-3275","post","type-post","status-publish","format-standard","hentry","category-we-are-the-cause","tag-afghanistan","tag-arnaud-cottet","tag-cause","tag-david-lavie","tag-expedition","tag-film","tag-freeski","tag-jules-guarneri","tag-lois-robatel","tag-nicolas-bossard","tag-noshaq","tag-serge-thelin","tag-wearethecause"],"_links":{"self":[{"href":"https:\/\/cause.ch\/lab\/wp-json\/wp\/v2\/posts\/3275","targetHints":{"allow":["GET"]}}],"collection":[{"href":"https:\/\/cause.ch\/lab\/wp-json\/wp\/v2\/posts"}],"about":[{"href":"https:\/\/cause.ch\/lab\/wp-json\/wp\/v2\/types\/post"}],"author":[{"embeddable":true,"href":"https:\/\/cause.ch\/lab\/wp-json\/wp\/v2\/users\/4"}],"replies":[{"embeddable":true,"href":"https:\/\/cause.ch\/lab\/wp-json\/wp\/v2\/comments?post=3275"}],"version-history":[{"count":9,"href":"https:\/\/cause.ch\/lab\/wp-json\/wp\/v2\/posts\/3275\/revisions"}],"predecessor-version":[{"id":3381,"href":"https:\/\/cause.ch\/lab\/wp-json\/wp\/v2\/posts\/3275\/revisions\/3381"}],"wp:attachment":[{"href":"https:\/\/cause.ch\/lab\/wp-json\/wp\/v2\/media?parent=3275"}],"wp:term":[{"taxonomy":"category","embeddable":true,"href":"https:\/\/cause.ch\/lab\/wp-json\/wp\/v2\/categories?post=3275"},{"taxonomy":"post_tag","embeddable":true,"href":"https:\/\/cause.ch\/lab\/wp-json\/wp\/v2\/tags?post=3275"}],"curies":[{"name":"wp","href":"https:\/\/api.w.org\/{rel}","templated":true}]}}