{"id":336,"date":"2013-12-10T15:49:00","date_gmt":"2013-12-10T15:49:00","guid":{"rendered":"http:\/\/cause.ch\/lab\/?p=336"},"modified":"2014-06-11T12:13:16","modified_gmt":"2014-06-11T10:13:16","slug":"timelapse-project-turquie","status":"publish","type":"post","link":"https:\/\/cause.ch\/lab\/we-are-the-cause\/timelapse-project-turquie\/","title":{"rendered":"Timelapse project: Turquie"},"content":{"rendered":"<div class=\"arx_pad_2 center_text\">\n<iframe loading=\"lazy\" src=\"\/\/player.vimeo.com\/video\/75297033?title=0&amp;byline=0&amp;portrait=0&amp;color=ffffff\" width=\"640\" height=\"360\" frameborder=\"0\" webkitallowfullscreen mozallowfullscreen allowfullscreen><\/iframe>\n<\/div>\n<p class=\"arx_1 center_content arx_pad_0\">\n<i>Le voyage en Turquie.<\/i> Deuxi\u00e8me volet de la saga cin\u00e9matographique qui vous emm\u00e8ne cette fois-ci de Istanbul \u00e0 l\u2019extr\u00eame-orient turque \u00e0 bord de l\u2019infatigable berline allemande et de ses occupants (infatiguables eux-aussi). On va pas vous faire de r\u00e9sum\u00e9, tout est dans le film, alors mettez vos babouches, servez-vous un th\u00e9 bien chaud et un Iskander Vogt bien r\u00f4ti, fumez un bon paquet de clopes et montez le son de vos appareils audiovisuels.\n<\/p>\n<p class=\"arx_1 center_content arx_pad_0\">\nRetour rapide sur un samedi matin du mois de mars 2013: Gen\u00e8ve, haut-lieu de la paix dans le monde, des manufactures horlog\u00e8res et du salon de la jante alu. Un a\u00e9roport de Cointrin aux allures de clinique des bras cass\u00e9s, avec dans le r\u00f4le des bras, jambes et nez cass\u00e9s, la moiti\u00e9 de la population anglo-saxonne sur le retour au pays, boitillant dans le hall central, ramenant comme souvenirs \u00e0 la famille, non pas de coucous m\u00e9caniques, Saint-Bernards en peluche ou quelques autres attrape-poussi\u00e8res, mais des jolies b\u00e9quilles toutes neuves factur\u00e9es au tarif de nuit un dimanche de jour f\u00e9ri\u00e9, des coups de soleil estampill\u00e9s \u201cswiss quality\u201d UVA \u00e0 Z, coloris \u201c\u00e9crevisse au court-bouillon\u201d, qui, \u00e0 d\u00e9faut de les faire ressembler \u00e0 Jean Troillet, attestera de leur visiblement trop longue exposition au soleil de Verbier. Et nous l\u00e0-dedans, on part pour la Turquie et on a eu le plus beau des cort\u00e8ges de carnaval.\n<\/p>\n<p class=\"arx_1 center_content arx_pad_0\">\nC\u2019est ensuite en attente du d\u00e9collage, au cours d\u2019un expos\u00e9 d\u2019Estelle sur le dispositif anti-h\u00e9rons r\u00e9volutionnaire mis en place par l\u2019a\u00e9roport pour faire fuir les volatils du tarmac, qu\u2019on nous annonce un petit ennui technique: un moineau astigmate ayant pris le turbor\u00e9acteur de l\u2019appareil pour nichoir s\u2019est vu passer rapidement de l\u2019\u00e9tat ornithologique \u00e0 mat\u00e9riel de rembourrage pour coussin. Un contr\u00f4le technique s\u2019av\u00e8re n\u00e9cessaire. Le retard sera minime. Escale \u00e0 Zurich, juste le temps d\u2019admirer nos cimes enneig\u00e9es par le hublot et de constater que les Alpes sont effectivement mieux rang\u00e9es du c\u00f4t\u00e9 suisse-allemand. Le R\u00f6stigraben, c\u2019est pas culturel, c\u2019est g\u00e9ologique.\n<\/p>\n<p class=\"arx_1 center_content arx_pad_1\">\nEt ce sont enfin les portes coulissantes de l\u2019arriv\u00e9e principale qui s\u2019ouvrent sur la premi\u00e8re image d\u2019Istanbul\u2026\n<\/p>\n<p class=\"arx_1 center_content arx_pad_0\">\nMerci au papa \u00e0 Estelle, \u00e0 l\u2019oncle \u00e0 Arnaud, \u00e0 nos potes (P love, Dylan T., Steve DC, Fran\u00e7ois Sport, Loic P, Leo F., Mitch VA, Alby V, Laure G., Serge N.), \u00e0 toute toute la Cause Crew, la famille GCC, nos familles et vous.\n<\/p>\n<p class=\"arx_1 center_content arx_pad_1\">\nAvec amour, bon hiver, plein de neige poudreuse, de raki et de bonne humeur.\n<\/p>\n<p class=\"arx_1 center_content\">\nTe\u015fekk\u00fcr ederim k\u00fc\u00e7\u00fck tatl\u0131m.<\/p>\n","protected":false},"excerpt":{"rendered":"<p>Le voyage en Turquie. Deuxi\u00e8me volet de la saga cin\u00e9matographique qui vous emm\u00e8ne cette fois-ci de Istanbul \u00e0 l\u2019extr\u00eame-orient turque \u00e0 bord de l\u2019infatigable berline allemande et de ses occupants (infatiguables eux-aussi). On va pas vous faire de r\u00e9sum\u00e9, tout est dans le film, alors mettez vos babouches, servez-vous un th\u00e9 bien chaud et un [&hellip;]<\/p>\n","protected":false},"author":4,"featured_media":0,"comment_status":"open","ping_status":"open","sticky":false,"template":"","format":"standard","meta":{"footnotes":""},"categories":[1],"tags":[47,7,40,70,71,96,98,97,42,72,73],"class_list":["post-336","post","type-post","status-publish","format-standard","hentry","category-we-are-the-cause","tag-agents","tag-cause","tag-freeride","tag-ski","tag-snowboard","tag-timelapse-project","tag-travel","tag-turquie","tag-voyage","tag-we-are-the-cause-2","tag-we-ride-in-iran"],"_links":{"self":[{"href":"https:\/\/cause.ch\/lab\/wp-json\/wp\/v2\/posts\/336","targetHints":{"allow":["GET"]}}],"collection":[{"href":"https:\/\/cause.ch\/lab\/wp-json\/wp\/v2\/posts"}],"about":[{"href":"https:\/\/cause.ch\/lab\/wp-json\/wp\/v2\/types\/post"}],"author":[{"embeddable":true,"href":"https:\/\/cause.ch\/lab\/wp-json\/wp\/v2\/users\/4"}],"replies":[{"embeddable":true,"href":"https:\/\/cause.ch\/lab\/wp-json\/wp\/v2\/comments?post=336"}],"version-history":[{"count":11,"href":"https:\/\/cause.ch\/lab\/wp-json\/wp\/v2\/posts\/336\/revisions"}],"predecessor-version":[{"id":823,"href":"https:\/\/cause.ch\/lab\/wp-json\/wp\/v2\/posts\/336\/revisions\/823"}],"wp:attachment":[{"href":"https:\/\/cause.ch\/lab\/wp-json\/wp\/v2\/media?parent=336"}],"wp:term":[{"taxonomy":"category","embeddable":true,"href":"https:\/\/cause.ch\/lab\/wp-json\/wp\/v2\/categories?post=336"},{"taxonomy":"post_tag","embeddable":true,"href":"https:\/\/cause.ch\/lab\/wp-json\/wp\/v2\/tags?post=336"}],"curies":[{"name":"wp","href":"https:\/\/api.w.org\/{rel}","templated":true}]}}