{"id":3369,"date":"2017-01-09T15:46:30","date_gmt":"2017-01-09T14:46:30","guid":{"rendered":"http:\/\/cause.ch\/lab\/?p=3369"},"modified":"2017-01-10T13:38:00","modified_gmt":"2017-01-10T12:38:00","slug":"giroscope-tenuta-expo-hivernale","status":"publish","type":"post","link":"https:\/\/cause.ch\/lab\/we-are-the-cause\/giroscope-tenuta-expo-hivernale\/","title":{"rendered":"Giroscope &#038; Tenuta: Expo Hivernale"},"content":{"rendered":"<div class=\"arx_pad_2 center_text\">\n<a href=\"https:\/\/www.facebook.com\/events\/225669187876940\/\" target=\"_blank\"><img loading=\"lazy\" decoding=\"async\" src=\"http:\/\/cause.ch\/lab\/wp-content\/uploads\/2017\/01\/conqueror-\u00a9giroscope2017.jpeg\" alt=\"conqueror-giroscope2017\" width=\"768\" height=\"960\" class=\"alignnone size-full wp-image-3370\" srcset=\"https:\/\/cause.ch\/lab\/wp-content\/uploads\/2017\/01\/conqueror-\u00a9giroscope2017.jpeg 768w, https:\/\/cause.ch\/lab\/wp-content\/uploads\/2017\/01\/conqueror-\u00a9giroscope2017-240x300.jpeg 240w\" sizes=\"auto, (max-width: 768px) 100vw, 768px\" \/><\/a>\n<\/div>\n<p class=\"arx_0 center_content arx_pad_2\">\nAssociation <b><a href=\"http:\/\/tenuta.xyz\/\" target=\"_blank\">Tenuta<\/a><\/b><br \/>\n<b><a href=\"https:\/\/www.facebook.com\/events\/225669187876940\/\" target=\"_blank\">Exposition Hivernale<\/a><\/b><br \/>\nRue de la Harpe 41 \/ Lausanne<br \/>\n14\/15.01.17 \/ 12:00-01:00\n<\/p>\n<p class=\"arx_2_pages center_content arx_pad_2\">\nJuste un petit billet pour te pr\u00e9venir que les derni\u00e8res cr\u00e9ations de <a href=\"http:\/\/giroscope.ch\/\" target=\"_blank\">Giroscope<\/a> seront r\u00e9v\u00e9l\u00e9es ces prochains vendredi et samedi lors d&#8217;une exposition tenue par les membres de Tenuta: une association culturelle sp\u00e9cialis\u00e9e en cr\u00e9ation d&#8217;\u00e9v\u00e9nements itin\u00e9rants rassemblant art et soci\u00e9t\u00e9. L&#8217;\u00e9v\u00e8nement prendra lieu au n\u00b041 de l&#8217;Avenue de la Harpe, \u00e0 Lausanne. Au programme: art, ales locales, design, cosm\u00e9tiques, bijoux, interactivit\u00e9, haute couture, textiles et textures \u00e9lectroniques, ambiance feutr\u00e9e sur fonds sonores, le tout sur la tonalit\u00e9 de l&#8217;abstraction concr\u00e8te, en clair. Pour l&#8217;heure, d\u00e9couvre <b><a href=\"http:\/\/www.friday-magazine.ch\/ro\/2017\/01\/10\/dans-latelier-de-giroscope.html\" target=\"_blank\">cet article<\/a><\/b> consacr\u00e9 \u00e0 l&#8217;artiste paru dans la section Friday du journal 20minutes de ce mardi 10 Janivier 2017!\n<\/p>\n<div class=\"arx_pad_2 center_content\">\n<div class=\"center_text arx_pad_0\" style=\"float:left\">\n<a href=\"https:\/\/www.facebook.com\/tenutaofficial\/about\/\" target=\"_blank\"><img loading=\"lazy\" decoding=\"async\" src=\"http:\/\/cause.ch\/lab\/wp-content\/uploads\/2016\/12\/facebook-icon.png\" alt=\"facebook-icon\" width=\"32\" height=\"32\" class=\"alignnone size-full wp-image-2681\" \/><\/a>\n<\/div>\n<div class=\"center_text arx_pad_0\" style=\"float:right\">\n<a href=\"https:\/\/www.instagram.com\/TenutaOfficial\/\" target=\"_blank\"><img loading=\"lazy\" decoding=\"async\" src=\"http:\/\/cause.ch\/lab\/wp-content\/uploads\/2016\/12\/instagram-icon.png\" alt=\"instagram-icon\" width=\"32\" height=\"32\" class=\"alignnone size-full wp-image-2682\" \/><\/a>\n<\/div>\n<div class=\"center_text arx_pad_0\" style=\"float:center\">\n<a href=\"http:\/\/tenuta.xyz\/\" target=\"_blank\"><img loading=\"lazy\" decoding=\"async\" src=\"http:\/\/cause.ch\/lab\/wp-content\/uploads\/2017\/01\/logo-\u00a9tenuta2017.png\" alt=\"logo-tenuta2017\" width=\"100\" height=\"642\" class=\"alignnone size-full wp-image-3373\" \/><\/a>\n<\/div>\n<\/div>\n<p class=\"arx_0 center_content arx_pad_1\">\n<i>Apr\u00e8s le G60 et Vevey Images, Tenuta occupera, le temps d&#8217;un weekend, les dix appartemments de l&#8217;entr\u00e9e n\u00b041 de l&#8217;Avenue de la Harpe, \u00e0 Lausanne. Au rendez-vous, tu pourras d\u00e9couvrir les travaux de plus d&#8217;une dizaine d&#8217;artistes locaux de tous les horizons!<\/i>\n<\/p>\n<p class=\"arx_0 center_content arx_pad_1\">\n<i>Valentin Bussard, Zo\u00e9 Cornelius, Giroscope, Marie Griesmar, Beno\u00eet Jeannet, Charles Jenny, Margr\u00e9t Gy\u00f0a J\u00f3hannsd\u00f3ttir, Margot Jud, Philom\u00e8ne Le Baron, Etienne Malapert, Laurianne Monnier &#038; Juliette Rechatin!<\/i>\n<\/p>\n<p class=\"arx_0 center_content arx_pad_2\">\n<i>Bien s\u00fbr, \u00e7a ne s&#8217;arr\u00eate pas l\u00e0. Il te sera \u00e9galement propos\u00e9 \u00e0 manger et \u00e0 boire &#8211; dont notre bi\u00e8re maison, la Tenut&#8217;Ale et les d\u00e9licatesses de La N\u00e9buleuse et de La Brasserie du Lance-Pierre. C&#8217;est sans compter l&#8217;inauguration de notre Museum Shop! Tu pourras y trouver nombre de cr\u00e9ations originales; design, cosm\u00e9tiques, bijoux, haute couture et bien plus!<\/i>\n<\/p>\n<p class=\"arx_0 center_content center_text arx_pad_2\">\nINFOS PRATIQUES<br \/>\n<b><a href=\"https:\/\/www.facebook.com\/events\/225669187876940\/\" target=\"_blank\">Planning de l&#8217;\u00e9v\u00e8nment<\/a><b><br \/>\nTicketerie:<br \/>\n70 billets disponibles!<br \/>\n&#8211; Pr\u00e9locations: CHF 15.- (\u00e0 pourvoir par email \u00e0 info@tenuta.xyz)<br \/>\n&#8211; Sur place: CHF 20.-\n<\/p>\n<div class=\"arx_pad_1 center_text\">\n<a href=\"http:\/\/tenuta.xyz\/\" target=\"_blank\"><img loading=\"lazy\" decoding=\"async\" src=\"http:\/\/cause.ch\/lab\/wp-content\/uploads\/2017\/01\/logo-\u00a9tenuta2017.png\" alt=\"logo-tenuta2017\" width=\"100\" height=\"642\" class=\"alignnone size-full wp-image-3373\" \/><\/a>\n<\/div>\n","protected":false},"excerpt":{"rendered":"<p>Association Tenuta Exposition Hivernale Rue de la Harpe 41 \/ Lausanne 14\/15.01.17 \/ 12:00-01:00 Juste un petit billet pour te pr\u00e9venir que les derni\u00e8res cr\u00e9ations de Giroscope seront r\u00e9v\u00e9l\u00e9es ces prochains vendredi et samedi lors d&#8217;une exposition tenue par les membres de Tenuta: une association culturelle sp\u00e9cialis\u00e9e en cr\u00e9ation d&#8217;\u00e9v\u00e9nements itin\u00e9rants rassemblant art et soci\u00e9t\u00e9. [&hellip;]<\/p>\n","protected":false},"author":4,"featured_media":0,"comment_status":"open","ping_status":"open","sticky":false,"template":"","format":"standard","meta":{"footnotes":""},"categories":[1],"tags":[406,306,405,407,168,59,404,29],"class_list":["post-3369","post","type-post","status-publish","format-standard","hentry","category-we-are-the-cause","tag-expostion","tag-giroscope","tag-harpe","tag-hivernale","tag-lausanne","tag-pierre-andrey","tag-tenuta","tag-wearethecause"],"_links":{"self":[{"href":"https:\/\/cause.ch\/lab\/wp-json\/wp\/v2\/posts\/3369","targetHints":{"allow":["GET"]}}],"collection":[{"href":"https:\/\/cause.ch\/lab\/wp-json\/wp\/v2\/posts"}],"about":[{"href":"https:\/\/cause.ch\/lab\/wp-json\/wp\/v2\/types\/post"}],"author":[{"embeddable":true,"href":"https:\/\/cause.ch\/lab\/wp-json\/wp\/v2\/users\/4"}],"replies":[{"embeddable":true,"href":"https:\/\/cause.ch\/lab\/wp-json\/wp\/v2\/comments?post=3369"}],"version-history":[{"count":12,"href":"https:\/\/cause.ch\/lab\/wp-json\/wp\/v2\/posts\/3369\/revisions"}],"predecessor-version":[{"id":3384,"href":"https:\/\/cause.ch\/lab\/wp-json\/wp\/v2\/posts\/3369\/revisions\/3384"}],"wp:attachment":[{"href":"https:\/\/cause.ch\/lab\/wp-json\/wp\/v2\/media?parent=3369"}],"wp:term":[{"taxonomy":"category","embeddable":true,"href":"https:\/\/cause.ch\/lab\/wp-json\/wp\/v2\/categories?post=3369"},{"taxonomy":"post_tag","embeddable":true,"href":"https:\/\/cause.ch\/lab\/wp-json\/wp\/v2\/tags?post=3369"}],"curies":[{"name":"wp","href":"https:\/\/api.w.org\/{rel}","templated":true}]}}