{"id":3411,"date":"2017-03-05T00:12:20","date_gmt":"2017-03-04T23:12:20","guid":{"rendered":"http:\/\/cause.ch\/lab\/?p=3411"},"modified":"2017-03-05T00:24:46","modified_gmt":"2017-03-04T23:24:46","slug":"grandrue-nyon-wemakeit","status":"publish","type":"post","link":"https:\/\/cause.ch\/lab\/we-are-the-cause\/grandrue-nyon-wemakeit\/","title":{"rendered":"Grand&#8217;Rue Nyon: Wemakeit!"},"content":{"rendered":"<div class=\"arx_pad_2 center_text\">\n<a href=\"http:\/\/grandruenyon.com\/\"><img loading=\"lazy\" decoding=\"async\" src=\"http:\/\/cause.ch\/lab\/wp-content\/uploads\/2017\/02\/grand-rue-title.jpeg\" alt=\"\" width=\"668\" height=\"272\" class=\"alignnone size-full wp-image-3414\" srcset=\"https:\/\/cause.ch\/lab\/wp-content\/uploads\/2017\/02\/grand-rue-title.jpeg 668w, https:\/\/cause.ch\/lab\/wp-content\/uploads\/2017\/02\/grand-rue-title-300x122.jpeg 300w\" sizes=\"auto, (max-width: 668px) 100vw, 668px\" \/><\/a>\n<\/div>\n<div class=\"arx_pad_2 center_content\">\n<div class=\"center_text arx_pad_0\" style=\"float:left\">\n<a href=\"https:\/\/www.facebook.com\/grandruenyon\" target=\"_blank\"><img loading=\"lazy\" decoding=\"async\" src=\"http:\/\/cause.ch\/lab\/wp-content\/uploads\/2016\/12\/facebook-icon.png\" alt=\"facebook-icon\" width=\"32\" height=\"32\" class=\"alignnone size-full wp-image-2681\" \/><\/a>\n<\/div>\n<div class=\"center_text arx_pad_0\" style=\"float:right\">\n<a href=\"https:\/\/www.instagram.com\/grandruenyon\/\" target=\"_blank\"><img loading=\"lazy\" decoding=\"async\" src=\"http:\/\/cause.ch\/lab\/wp-content\/uploads\/2016\/12\/instagram-icon.png\" alt=\"instagram-icon\" width=\"32\" height=\"32\" class=\"alignnone size-full wp-image-2682\" \/><\/a>\n<\/div>\n<div class=\"center_text arx_pad_0\" style=\"float:center\">\n<a href=\"https:\/\/wemakeit.com\/projects\/grand-rue-concept-store\" target=\"_blank\"><img loading=\"lazy\" decoding=\"async\" src=\"http:\/\/cause.ch\/lab\/wp-content\/uploads\/2017\/02\/wemakeit_icon-80x80.jpg\" alt=\"\" width=\"32\" height=\"80\" class=\"alignnone size-full wp-image-3412\" \/><\/a>\n<\/div>\n<\/div>\n<p class=\"arx_2_pages center_content arx_pad_1\">\nTout ressortissant du district de Nyon de ces derni\u00e8res d\u00e9cennies s&#8217;y r\u00e9f\u00e8re comme \u00e0 l&#8217;un des magasins les plus cools de la ville. Depuis 1995, <b><a href=\"http:\/\/boarderspark.ch\/\" target=\"_blank\">Boarder&#8217;s Park<\/a><\/b>, r\u00e9f\u00e9rence r\u00e9gionale en mati\u00e8re de vente d&#8217;\u00e9quipement de sports street &#038; ride, insuffle \u00e0 la Grand&#8217;Rue un air de fra\u00eecheur et de jeunesse. Chacun en garde les meilleurs souvenirs, que ce soit au niveau de la qualit\u00e9 du matos en vente, de son accueil d\u00e9contract\u00e9 et charismatique ou de l&#8217;efficacit\u00e9 de ses conseils toujours \u00e0 la pointe.<\/p>\n<p class=\"arx_2_pages center_content arx_pad_1\">\n\u00c0 l&#8217;heure de l&#8217;<a href=\"http:\/\/www.24heures.ch\/vaud-regions\/la-cote\/boarder-s-park-ferme-boutique\/story\/27952387\" target=\"_blank\">annonce r\u00e9cente<\/a> faite par son cr\u00e9ateur, <b>David Pernet<\/b>, de tourner la page en mettant un terme \u00e0 22 ann\u00e9es de partages passionn\u00e9s, ses efforts et son d\u00e9vouement sont ici \u00e0 juste titre salu\u00e9s. Il peut fort heureusement esp\u00e9rer compter sur une rel\u00e8ve \u00e0 la hauteur, digne de rendre hommage au legs valeureux qu&#8217;il laisse derri\u00e8re lui. Une nouvelle g\u00e9n\u00e9ration se propose pour reprendre le flambeau, une g\u00e9n\u00e9ration pleine de ressources cr\u00e9atives, renforc\u00e9e d&#8217;exp\u00e9riences et de connexions, et surtout pleinement consciente de l&#8217;\u00e9volution des tendances techniques et stylistiques des univers snow et skate d&#8217;aujourd&#8217;hui. Celle-ci se r\u00e9v\u00e8le sous les traits du jeune entrepreneur <b><a href=\"http:\/\/www.lacote.ch\/articles\/regions\/district-de-nyon\/boarder-s-park-pourrait-ressusciter-639049\" target=\"_blank\">Christopher Thevenot<\/a><\/b>, co-cr\u00e9ateur de la marque de skate lausannoise <b><a href=\"http:\/\/faustskateco.com\/\">Faust Skate Co.<\/a><\/b>.\n<\/p>\n<p class=\"arx_2_pages center_content arx_pad_1\">\nIl propose avec <b><a href=\"http:\/\/grandruenyon.com\/\" target=\"_blank\">Grand&#8217;Rue<\/a><\/b> un concept inspir\u00e9 pour la reprise du commerce, dans la continuit\u00e9 volontaire de l&#8217;ancienne boutique. Mais en plus d&#8217;un magasin de v\u00eatements et d&#8217;accessoires, un espace d\u00e9tente sera am\u00e9nag\u00e9 \u00e0 l&#8217;\u00e9tage, un caf\u00e9-bistrot \u00e0 la puissance d&#8217;un lieu d&#8217;expo dynamique pour les artistes du coin. Et l\u00e0 du coup, tu l&#8217;aura compris, il a vraiment besoin de toi! Pour permettre \u00e0 ce projet prometteur de voir le jour, il a lanc\u00e9 tout r\u00e9cemment un appel aux dons sous forme de <b><a href=\"https:\/\/wemakeit.com\/projects\/grand-rue-concept-store\" target=\"_blank\">Wemakeit<\/a><\/b>, plateforme de <i>crowdfunding<\/i> en ligne. Avec \u00e0 la clef pour ta g\u00e9n\u00e9reuse contribution, une pluie d&#8217;avantages et bien s\u00fbr de goodies offerts par les membres du r\u00e9seaux catalyseur de cr\u00e9ativit\u00e9 de son entourage: <a href=\"https:\/\/www.instagram.com\/vonmarlondesign\/\" target=\"_blank\">Von Marlon<\/a>, <a href=\"http:\/\/cargocollective.com\/samedicruise\" target=\"_blank\">Samedi Cruise<\/a>, <a href=\"http:\/\/giroscope.ch\/\" target=\"_blank\">Giroscope<\/a>, <a href=\"http:\/\/www.stephaniepeck.com\/\" target=\"_blank\">Stephanie Peck<\/a>, <a href=\"https:\/\/www.instagram.com\/diagal_faust\/\" target=\"_blank\">Diagal<\/a>, <a href=\"http:\/\/collectif-hapax-21.tumblr.com\/\" target=\"_blank\">Collectif Hapax 21<\/a>, et bien d&#8217;autres!\n<\/p>\n<p class=\"arx_2_pages center_content arx_pad_2\">\nClique sur le lien ci-dessous pour plus d&#8217;info et pour engager ta participation, ne serait-ce qu&#8217;en faisant suivre l&#8217;appel! &#8216;Aight!\n<\/p>\n<div class=\"arx_pad_2 center_content\">\n<a href=\"https:\/\/wemakeit.com\/projects\/grand-rue-concept-store\"><img loading=\"lazy\" decoding=\"async\" src=\"http:\/\/cause.ch\/lab\/wp-content\/uploads\/2017\/03\/icone-grand-rue-nyon-300x300.jpg\" alt=\"\" width=\"200\" height=\"300\" class=\"alignnone size-medium wp-image-3422\" \/><\/a>\n<\/div>\n","protected":false},"excerpt":{"rendered":"<p>Tout ressortissant du district de Nyon de ces derni\u00e8res d\u00e9cennies s&#8217;y r\u00e9f\u00e8re comme \u00e0 l&#8217;un des magasins les plus cools de la ville. Depuis 1995, Boarder&#8217;s Park, r\u00e9f\u00e9rence r\u00e9gionale en mati\u00e8re de vente d&#8217;\u00e9quipement de sports street &#038; ride, insuffle \u00e0 la Grand&#8217;Rue un air de fra\u00eecheur et de jeunesse. Chacun en garde les meilleurs [&hellip;]<\/p>\n","protected":false},"author":4,"featured_media":0,"comment_status":"open","ping_status":"open","sticky":false,"template":"","format":"standard","meta":{"footnotes":""},"categories":[1],"tags":[411,408,7,410,409,90,93,71,29],"class_list":["post-3411","post","type-post","status-publish","format-standard","hentry","category-we-are-the-cause","tag-411","tag-boarders-park","tag-cause","tag-christopher-thevenot","tag-grandrue","tag-nyon","tag-skate","tag-snowboard","tag-wearethecause"],"_links":{"self":[{"href":"https:\/\/cause.ch\/lab\/wp-json\/wp\/v2\/posts\/3411","targetHints":{"allow":["GET"]}}],"collection":[{"href":"https:\/\/cause.ch\/lab\/wp-json\/wp\/v2\/posts"}],"about":[{"href":"https:\/\/cause.ch\/lab\/wp-json\/wp\/v2\/types\/post"}],"author":[{"embeddable":true,"href":"https:\/\/cause.ch\/lab\/wp-json\/wp\/v2\/users\/4"}],"replies":[{"embeddable":true,"href":"https:\/\/cause.ch\/lab\/wp-json\/wp\/v2\/comments?post=3411"}],"version-history":[{"count":12,"href":"https:\/\/cause.ch\/lab\/wp-json\/wp\/v2\/posts\/3411\/revisions"}],"predecessor-version":[{"id":3430,"href":"https:\/\/cause.ch\/lab\/wp-json\/wp\/v2\/posts\/3411\/revisions\/3430"}],"wp:attachment":[{"href":"https:\/\/cause.ch\/lab\/wp-json\/wp\/v2\/media?parent=3411"}],"wp:term":[{"taxonomy":"category","embeddable":true,"href":"https:\/\/cause.ch\/lab\/wp-json\/wp\/v2\/categories?post=3411"},{"taxonomy":"post_tag","embeddable":true,"href":"https:\/\/cause.ch\/lab\/wp-json\/wp\/v2\/tags?post=3411"}],"curies":[{"name":"wp","href":"https:\/\/api.w.org\/{rel}","templated":true}]}}