{"id":3481,"date":"2017-03-29T19:46:10","date_gmt":"2017-03-29T17:46:10","guid":{"rendered":"http:\/\/cause.ch\/lab\/?p=3481"},"modified":"2017-03-29T19:47:47","modified_gmt":"2017-03-29T17:47:47","slug":"rts-27-03-17-0716-jounal-du-matin-la-premiere","status":"publish","type":"post","link":"https:\/\/cause.ch\/lab\/presse\/rts-27-03-17-0716-jounal-du-matin-la-premiere\/","title":{"rendered":"RTS 27.03.17 07:16 Jounal du Matin &#8211; La Premi\u00e8re"},"content":{"rendered":"<div class=\"center_text arx_pad_2\">\n<a href=\"https:\/\/www.rts.ch\/play\/radio\/le-journal-du-matin\/audio\/le-documentaire-appels-croises-jette-un-regard-sur-la-communaute-albanaise-de-suisse?id=8475720\" target=\"_blank\"><img loading=\"lazy\" decoding=\"async\" src=\"http:\/\/cause.ch\/lab\/wp-content\/uploads\/2017\/03\/screenshot-appels-croises-lapremiere-27.03.17-\u00a9rts2017.jpg\" alt=\"\" width=\"1839\" height=\"1479\" class=\"alignnone size-full wp-image-3483\" srcset=\"https:\/\/cause.ch\/lab\/wp-content\/uploads\/2017\/03\/screenshot-appels-croises-lapremiere-27.03.17-\u00a9rts2017.jpg 1839w, https:\/\/cause.ch\/lab\/wp-content\/uploads\/2017\/03\/screenshot-appels-croises-lapremiere-27.03.17-\u00a9rts2017-300x241.jpg 300w, https:\/\/cause.ch\/lab\/wp-content\/uploads\/2017\/03\/screenshot-appels-croises-lapremiere-27.03.17-\u00a9rts2017-768x618.jpg 768w, https:\/\/cause.ch\/lab\/wp-content\/uploads\/2017\/03\/screenshot-appels-croises-lapremiere-27.03.17-\u00a9rts2017-1024x824.jpg 1024w\" sizes=\"auto, (max-width: 1839px) 100vw, 1839px\" \/><\/a>\n<\/div>\n<p class=\"arx_2_pages arx_pad_2\">\n<b><a href=\"https:\/\/www.rts.ch\/play\/radio\/le-journal-du-matin\/audio\/le-documentaire-appels-croises-jette-un-regard-sur-la-communaute-albanaise-de-suisse?id=8475720\" target=\"_blank\">RTS 27.3.2107 07:16 <\/a><\/b><br \/>\nLe Journal du Matin sur <a href=\"https:\/\/programmesradio.rts.ch\/la-1ere\/\" target=\"_blank\">la Premi\u00e8re<\/a> de la RTS consacre quelques minutes au projet <b><a href=\"http:\/\/cause.ch\/lab\/portfolio\/appels-croises\/\" target=\"_blank\">Appels Crois\u00e9s<\/a><\/b>, passant la parole \u00e0 <b><a href=\"http:\/\/cargocollective.com\/fisnikmaxhuni\/\" target=\"_blank\">Fisnik Maxhuni<\/a><\/b> le temps de quelques questions autour du documentaire \u00e0 venir:\n<\/p>\n<div class=\"center_text arx_pad_2\">\n<iframe src='\/\/tp.srgssr.ch\/p\/rts\/embed?urn=urn:rts:audio:8475720&#038;start=' allowfullscreen width='392' height='58' frameborder='0' name='Le documentaire \"Appels crois\u00e9s\" jette un regard sur la communaut\u00e9 albanaise de Suisse'><\/iframe>\n<\/div>\n","protected":false},"excerpt":{"rendered":"<p>RTS 27.3.2107 07:16 Le Journal du Matin sur la Premi\u00e8re de la RTS consacre quelques minutes au projet Appels Crois\u00e9s, passant la parole \u00e0 Fisnik Maxhuni le temps de quelques questions autour du documentaire \u00e0 venir:<\/p>\n","protected":false},"author":4,"featured_media":0,"comment_status":"open","ping_status":"open","sticky":false,"template":"","format":"standard","meta":{"footnotes":""},"categories":[182],"tags":[413,34,7,220,107,286,412,281,282,29],"class_list":["post-3481","post","type-post","status-publish","format-standard","hentry","category-presse","tag-appels-croises","tag-benoit-goncerut","tag-cause","tag-documentaire","tag-film","tag-fisnik-maxhuni","tag-journal-du-matin","tag-la-premiere","tag-rts","tag-wearethecause"],"_links":{"self":[{"href":"https:\/\/cause.ch\/lab\/wp-json\/wp\/v2\/posts\/3481","targetHints":{"allow":["GET"]}}],"collection":[{"href":"https:\/\/cause.ch\/lab\/wp-json\/wp\/v2\/posts"}],"about":[{"href":"https:\/\/cause.ch\/lab\/wp-json\/wp\/v2\/types\/post"}],"author":[{"embeddable":true,"href":"https:\/\/cause.ch\/lab\/wp-json\/wp\/v2\/users\/4"}],"replies":[{"embeddable":true,"href":"https:\/\/cause.ch\/lab\/wp-json\/wp\/v2\/comments?post=3481"}],"version-history":[{"count":6,"href":"https:\/\/cause.ch\/lab\/wp-json\/wp\/v2\/posts\/3481\/revisions"}],"predecessor-version":[{"id":3489,"href":"https:\/\/cause.ch\/lab\/wp-json\/wp\/v2\/posts\/3481\/revisions\/3489"}],"wp:attachment":[{"href":"https:\/\/cause.ch\/lab\/wp-json\/wp\/v2\/media?parent=3481"}],"wp:term":[{"taxonomy":"category","embeddable":true,"href":"https:\/\/cause.ch\/lab\/wp-json\/wp\/v2\/categories?post=3481"},{"taxonomy":"post_tag","embeddable":true,"href":"https:\/\/cause.ch\/lab\/wp-json\/wp\/v2\/tags?post=3481"}],"curies":[{"name":"wp","href":"https:\/\/api.w.org\/{rel}","templated":true}]}}