{"id":3488,"date":"2017-03-29T20:09:27","date_gmt":"2017-03-29T18:09:27","guid":{"rendered":"http:\/\/cause.ch\/lab\/?p=3488"},"modified":"2017-03-30T00:10:23","modified_gmt":"2017-03-29T22:10:23","slug":"ttc-rts-27-03-17-2010-we-ride-in-iran","status":"publish","type":"post","link":"https:\/\/cause.ch\/lab\/presse\/ttc-rts-27-03-17-2010-we-ride-in-iran\/","title":{"rendered":"TTC &#8211; RTS &#8211; 27.03.17 20:10 &#8211; We Ride in Iran"},"content":{"rendered":"<div class=\"center_text arx_pad_2\">\n<iframe src='\/\/tp.srgssr.ch\/p\/rts\/embed?urn=urn:rts:video:8496913&#038;start=414' allowfullscreen width='640' height='360' frameborder='0' name='Dossier: Iran'><\/iframe>\n<\/div>\n<p class=\"arx_2_pages arx_pad_2\">\n<b><a href=\"http:\/\/www.rts.ch\/play\/tv\/toutes-taxes-comprises\/video\/dossier-iran?id=8496913\" target=\"_blank\">TTC &#8211; RTS 27.3.2107 20:10 <\/a><\/b><br \/>\nL&#8217;\u00e9mission hebdomadaire <b><a href=\"http:\/\/www.rts.ch\/play\/tv\/toutes-taxes-comprises\/video\/dossier-iran?id=8496913\" target=\"_blank\">Toutes Taxes Comprises<\/a><\/b> (TTC) de la RTS s&#8217;int\u00e9ressait ce lundi 27 mars aux conditions pos\u00e9es aux Suisses poursuivant des affaires en Iran. Le dossier traite bien s\u00fbr de tourisme, avec un zoom sur le projet <b><a href=\"http:\/\/cause.ch\/lab\/portfolio\/we-ride-in-iran\/\">We Ride in Iran<\/a><\/b>, qui organise aujourd&#8217;hui pour des voyageurs occidentaux des s\u00e9jours et excursions autour de la station de ski de Dizin, au nord de Tehran.<\/p>\n","protected":false},"excerpt":{"rendered":"<p>TTC &#8211; RTS 27.3.2107 20:10 L&#8217;\u00e9mission hebdomadaire Toutes Taxes Comprises (TTC) de la RTS s&#8217;int\u00e9ressait ce lundi 27 mars aux conditions pos\u00e9es aux Suisses poursuivant des affaires en Iran. Le dossier traite bien s\u00fbr de tourisme, avec un zoom sur le projet We Ride in Iran, qui organise aujourd&#8217;hui pour des voyageurs occidentaux des s\u00e9jours [&hellip;]<\/p>\n","protected":false},"author":4,"featured_media":0,"comment_status":"open","ping_status":"open","sticky":false,"template":"","format":"standard","meta":{"footnotes":""},"categories":[182],"tags":[259,7,36,32,282,415,414,73,29],"class_list":["post-3488","post","type-post","status-publish","format-standard","hentry","category-presse","tag-amir-raieszadeh","tag-cause","tag-dizin","tag-iran","tag-rts","tag-tourisme","tag-ttc","tag-we-ride-in-iran","tag-wearethecause"],"_links":{"self":[{"href":"https:\/\/cause.ch\/lab\/wp-json\/wp\/v2\/posts\/3488","targetHints":{"allow":["GET"]}}],"collection":[{"href":"https:\/\/cause.ch\/lab\/wp-json\/wp\/v2\/posts"}],"about":[{"href":"https:\/\/cause.ch\/lab\/wp-json\/wp\/v2\/types\/post"}],"author":[{"embeddable":true,"href":"https:\/\/cause.ch\/lab\/wp-json\/wp\/v2\/users\/4"}],"replies":[{"embeddable":true,"href":"https:\/\/cause.ch\/lab\/wp-json\/wp\/v2\/comments?post=3488"}],"version-history":[{"count":4,"href":"https:\/\/cause.ch\/lab\/wp-json\/wp\/v2\/posts\/3488\/revisions"}],"predecessor-version":[{"id":3493,"href":"https:\/\/cause.ch\/lab\/wp-json\/wp\/v2\/posts\/3488\/revisions\/3493"}],"wp:attachment":[{"href":"https:\/\/cause.ch\/lab\/wp-json\/wp\/v2\/media?parent=3488"}],"wp:term":[{"taxonomy":"category","embeddable":true,"href":"https:\/\/cause.ch\/lab\/wp-json\/wp\/v2\/categories?post=3488"},{"taxonomy":"post_tag","embeddable":true,"href":"https:\/\/cause.ch\/lab\/wp-json\/wp\/v2\/tags?post=3488"}],"curies":[{"name":"wp","href":"https:\/\/api.w.org\/{rel}","templated":true}]}}