{"id":352,"date":"2013-12-16T14:33:09","date_gmt":"2013-12-16T14:33:09","guid":{"rendered":"http:\/\/cause.ch\/lab\/?p=352"},"modified":"2014-06-11T12:09:17","modified_gmt":"2014-06-11T10:09:17","slug":"retour-sur-une-soiree-denfer","status":"publish","type":"post","link":"https:\/\/cause.ch\/lab\/we-are-the-cause\/retour-sur-une-soiree-denfer\/","title":{"rendered":"Retour sur une soir\u00e9e d&#8217;Enfer"},"content":{"rendered":"<div class=\"arx_pad_2\">\n<a href=\"http:\/\/cause.ch\/lab\/wp-content\/uploads\/2013\/12\/mephisto.jpg\"><img loading=\"lazy\" decoding=\"async\" src=\"http:\/\/cause.ch\/lab\/wp-content\/uploads\/2013\/12\/mephisto.jpg\" alt=\"mephisto\" width=\"600\" height=\"343\" class=\"alignnone size-full wp-image-364\" \/><\/a>\n<\/div>\n<p class=\"arx_1 center_content arx_pad_0\">\nQuand les barons mephistoph\u00e9liques de la <b><a href=\"http:\/\/faustskateco.com\/\"target=\"_blank\">Faust Skate Company<\/a><\/b> re\u00e7oivent, la promesse d&#8217;une chaude convivialit\u00e9 est toujours tenue selon la r\u00e8gle d&#8217;une opulente prodigalit\u00e9.\n<\/p>\n<p class=\"arx_1 center_content arx_pad_0\">\nLe vernissage de leur ultime collection en collaboration avec <b><a href=\"http:\/\/www.lowriderteeshirt.ch\/\" target=\"_blank\">Lowrider<\/a><\/b> n&#8217;a pas fait l&#8217;exception:\n<\/p>\n<p class=\"arx_1 center_content arx_pad_2\">\nDans le cadre luxueux de leurs locaux fra\u00eechement r\u00e9nov\u00e9s, d\u00e9gageant les effluves d&#8217;une ambiance cool et d\u00e9contract\u00e9e &#8211; \u00e0 l&#8217;image de l&#8217;authenticit\u00e9 de nos h\u00f4tes accueillants &#8211; au rythme de beats entra\u00eenants, et sous l&#8217;effet d&#8217;une cuv\u00e9e sp\u00e9ciale de cidre exclusivement brass\u00e9e pour l&#8217;\u00e9v\u00e8nement, le public a pu \u00eatre agr\u00e9ment\u00e9 des visions claquantes de la nouvelle \u00e9dition de la marque.\n<\/p>\n<p><a href=\"http:\/\/cause.ch\/lab\/wp-content\/uploads\/2013\/12\/wall.jpg\"><img loading=\"lazy\" decoding=\"async\" src=\"http:\/\/cause.ch\/lab\/wp-content\/uploads\/2013\/12\/wall.jpg\" alt=\"wall\" width=\"580\" height=\"359\" class=\"alignnone size-full wp-image-361\" \/><\/a><\/p>\n<p class=\"arx_1 center_content arx_pad_0\">\nAux malheureux qui n&#8217;y \u00e9taient pas, on ne peut \u00e9videmment pas cacher qu&#8217;ils ont manqu\u00e9 une bien belle soir\u00e9e. <\/p>\n<p class=\"arx_1 center_content arx_pad_2\">\n<i>Il y en aura d&#8217;autres, c&#8217;est s\u00fbr.<\/i> En attendant, on les encourage d&#8217;un \u00e9lan hautement inspir\u00e9 \u00e0 ne plus tarder \u00e0 passer leurs commandes pour les coffrets sp\u00e9ciaux limit\u00e9s, disponibles actuellement sur <b><a href=\"http:\/\/faustskateco.bigcartel.com\/\">le shop Faust en ligne<\/a><\/b>, avec certificats d&#8217;authenticit\u00e9 frapp\u00e9s du sceau officiel \u00e0 la clef: et l\u00e0, en mati\u00e8re de prestige, on ne fait pas mieux!\n<\/p>\n<p><a href=\"http:\/\/cause.ch\/lab\/wp-content\/uploads\/2013\/12\/crew-1.jpg\"><img loading=\"lazy\" decoding=\"async\" src=\"http:\/\/cause.ch\/lab\/wp-content\/uploads\/2013\/12\/crew-1.jpg\" alt=\"crew-1\" width=\"640\" height=\"348\" class=\"alignnone size-full wp-image-359\" srcset=\"https:\/\/cause.ch\/lab\/wp-content\/uploads\/2013\/12\/crew-1.jpg 640w, https:\/\/cause.ch\/lab\/wp-content\/uploads\/2013\/12\/crew-1-300x163.jpg 300w\" sizes=\"auto, (max-width: 640px) 100vw, 640px\" \/><\/a><\/p>\n","protected":false},"excerpt":{"rendered":"<p>Quand les barons mephistoph\u00e9liques de la Faust Skate Company re\u00e7oivent, la promesse d&#8217;une chaude convivialit\u00e9 est toujours tenue selon la r\u00e8gle d&#8217;une opulente prodigalit\u00e9. Le vernissage de leur ultime collection en collaboration avec Lowrider n&#8217;a pas fait l&#8217;exception: Dans le cadre luxueux de leurs locaux fra\u00eechement r\u00e9nov\u00e9s, d\u00e9gageant les effluves d&#8217;une ambiance cool et d\u00e9contract\u00e9e [&hellip;]<\/p>\n","protected":false},"author":4,"featured_media":0,"comment_status":"open","ping_status":"open","sticky":false,"template":"","format":"standard","meta":{"footnotes":""},"categories":[1],"tags":[68,7,91,61,95,93,92,94,44,72],"class_list":["post-352","post","type-post","status-publish","format-standard","hentry","category-we-are-the-cause","tag-association-du-sapin","tag-cause","tag-faust","tag-lowrider","tag-renens","tag-skate","tag-skateboard","tag-sportswear","tag-vernissage","tag-we-are-the-cause-2"],"_links":{"self":[{"href":"https:\/\/cause.ch\/lab\/wp-json\/wp\/v2\/posts\/352","targetHints":{"allow":["GET"]}}],"collection":[{"href":"https:\/\/cause.ch\/lab\/wp-json\/wp\/v2\/posts"}],"about":[{"href":"https:\/\/cause.ch\/lab\/wp-json\/wp\/v2\/types\/post"}],"author":[{"embeddable":true,"href":"https:\/\/cause.ch\/lab\/wp-json\/wp\/v2\/users\/4"}],"replies":[{"embeddable":true,"href":"https:\/\/cause.ch\/lab\/wp-json\/wp\/v2\/comments?post=352"}],"version-history":[{"count":16,"href":"https:\/\/cause.ch\/lab\/wp-json\/wp\/v2\/posts\/352\/revisions"}],"predecessor-version":[{"id":1198,"href":"https:\/\/cause.ch\/lab\/wp-json\/wp\/v2\/posts\/352\/revisions\/1198"}],"wp:attachment":[{"href":"https:\/\/cause.ch\/lab\/wp-json\/wp\/v2\/media?parent=352"}],"wp:term":[{"taxonomy":"category","embeddable":true,"href":"https:\/\/cause.ch\/lab\/wp-json\/wp\/v2\/categories?post=352"},{"taxonomy":"post_tag","embeddable":true,"href":"https:\/\/cause.ch\/lab\/wp-json\/wp\/v2\/tags?post=352"}],"curies":[{"name":"wp","href":"https:\/\/api.w.org\/{rel}","templated":true}]}}