{"id":3603,"date":"2017-08-15T00:55:17","date_gmt":"2017-08-14T22:55:17","guid":{"rendered":"http:\/\/cause.ch\/lab\/?p=3603"},"modified":"2017-09-04T17:14:00","modified_gmt":"2017-09-04T15:14:00","slug":"15-8-17-rts-2-lost-exile","status":"publish","type":"post","link":"https:\/\/cause.ch\/lab\/we-are-the-cause\/15-8-17-rts-2-lost-exile\/","title":{"rendered":"15.8.17 RTS 2: Lost Exile"},"content":{"rendered":"<div class=\"arx_pad_2 center_text\">\n<a href=\"http:\/\/fisnikmaxhuni.com\/Lost-Exile-2016\" target=\"_blank\"><img loading=\"lazy\" decoding=\"async\" src=\"http:\/\/cause.ch\/lab\/wp-content\/uploads\/2017\/08\/lost-exile-affiche-rts2-\u00a9cause2017.jpg\" alt=\"\" width=\"1487\" height=\"2048\" class=\"alignnone size-full wp-image-3604\" srcset=\"https:\/\/cause.ch\/lab\/wp-content\/uploads\/2017\/08\/lost-exile-affiche-rts2-\u00a9cause2017.jpg 1487w, https:\/\/cause.ch\/lab\/wp-content\/uploads\/2017\/08\/lost-exile-affiche-rts2-\u00a9cause2017-218x300.jpg 218w, https:\/\/cause.ch\/lab\/wp-content\/uploads\/2017\/08\/lost-exile-affiche-rts2-\u00a9cause2017-768x1058.jpg 768w, https:\/\/cause.ch\/lab\/wp-content\/uploads\/2017\/08\/lost-exile-affiche-rts2-\u00a9cause2017-744x1024.jpg 744w\" sizes=\"auto, (max-width: 1487px) 100vw, 1487px\" \/><\/a>\n<\/div>\n<p class=\"arx_2_pages center_content arx_pad_2\">\nLe mardi 15 ao\u00fbt 2017 \u00e0 00:55, diffusion du court m\u00e9trage <a href=\"http:\/\/cause.ch\/lab\/we-are-the-cause\/lost-exile-festival-del-film-locarno-2016\/\" target=\"_blank\">Lost Exile <\/a>de Fisnik Maxhuni sur la RTS Deux dans le cadre de l&#8217;\u00e9mission <a href=\"https:\/\/www.rts.ch\/fiction\/8752953-cinemaniak-et-animaniak-des-courts-metrages-de-fiction-et-d-animation.html#timeline-anchor-15+ao%C3%BBt+-+00%3A55%0ACin%C3%A9maniak\" target=\"_blank\">Cin\u00e9maniak <\/a>consacr\u00e9 \u00e0 la pr\u00e9sentation de projets coproduits par la cha\u00eene suisse.\n<\/p>\n<div class=\"arx_pad_1 center_text\">\n<a href=\"https:\/\/www.rts.ch\/fiction\/8752953-cinemaniak-et-animaniak-des-courts-metrages-de-fiction-et-d-animation.html#timeline-anchor-15+ao%C3%BBt+-+00%3A55%0ACin%C3%A9maniak\" target=\"_blank\"><img loading=\"lazy\" decoding=\"async\" src=\"http:\/\/cause.ch\/lab\/wp-content\/uploads\/2017\/08\/screenshot-lost-exile-\u00a9rts2-2017.png\" alt=\"\" width=\"2030\" height=\"673\" class=\"alignnone size-full wp-image-3618\" srcset=\"https:\/\/cause.ch\/lab\/wp-content\/uploads\/2017\/08\/screenshot-lost-exile-\u00a9rts2-2017.png 2030w, https:\/\/cause.ch\/lab\/wp-content\/uploads\/2017\/08\/screenshot-lost-exile-\u00a9rts2-2017-300x99.png 300w, https:\/\/cause.ch\/lab\/wp-content\/uploads\/2017\/08\/screenshot-lost-exile-\u00a9rts2-2017-768x255.png 768w, https:\/\/cause.ch\/lab\/wp-content\/uploads\/2017\/08\/screenshot-lost-exile-\u00a9rts2-2017-1024x339.png 1024w\" sizes=\"auto, (max-width: 2030px) 100vw, 2030px\" \/><\/a>\n<\/div>\n<div class=\"arx_pad_2 center_text\">\n<a href=\"https:\/\/www.rts.ch\/video\/rts-deux\/3608517-rts-deux-en-direct.html?f=player\/video-live\" target=\"_blank\"><img loading=\"lazy\" decoding=\"async\" src=\"http:\/\/cause.ch\/lab\/wp-content\/uploads\/2017\/09\/logo-\u00a9rts2.png\" alt=\"\" width=\"150\" height=\"300\" class=\"alignnone size-full wp-image-3616\" \/><\/a>\n<\/div>\n","protected":false},"excerpt":{"rendered":"<p>Le mardi 15 ao\u00fbt 2017 \u00e0 00:55, diffusion du court m\u00e9trage Lost Exile de Fisnik Maxhuni sur la RTS Deux dans le cadre de l&#8217;\u00e9mission Cin\u00e9maniak consacr\u00e9 \u00e0 la pr\u00e9sentation de projets coproduits par la cha\u00eene suisse.<\/p>\n","protected":false},"author":4,"featured_media":0,"comment_status":"open","ping_status":"open","sticky":false,"template":"","format":"standard","meta":{"footnotes":""},"categories":[182,1],"tags":[7,286,421,282,29],"class_list":["post-3603","post","type-post","status-publish","format-standard","hentry","category-presse","category-we-are-the-cause","tag-cause","tag-fisnik-maxhuni","tag-lost-exile","tag-rts","tag-wearethecause"],"_links":{"self":[{"href":"https:\/\/cause.ch\/lab\/wp-json\/wp\/v2\/posts\/3603","targetHints":{"allow":["GET"]}}],"collection":[{"href":"https:\/\/cause.ch\/lab\/wp-json\/wp\/v2\/posts"}],"about":[{"href":"https:\/\/cause.ch\/lab\/wp-json\/wp\/v2\/types\/post"}],"author":[{"embeddable":true,"href":"https:\/\/cause.ch\/lab\/wp-json\/wp\/v2\/users\/4"}],"replies":[{"embeddable":true,"href":"https:\/\/cause.ch\/lab\/wp-json\/wp\/v2\/comments?post=3603"}],"version-history":[{"count":4,"href":"https:\/\/cause.ch\/lab\/wp-json\/wp\/v2\/posts\/3603\/revisions"}],"predecessor-version":[{"id":3620,"href":"https:\/\/cause.ch\/lab\/wp-json\/wp\/v2\/posts\/3603\/revisions\/3620"}],"wp:attachment":[{"href":"https:\/\/cause.ch\/lab\/wp-json\/wp\/v2\/media?parent=3603"}],"wp:term":[{"taxonomy":"category","embeddable":true,"href":"https:\/\/cause.ch\/lab\/wp-json\/wp\/v2\/categories?post=3603"},{"taxonomy":"post_tag","embeddable":true,"href":"https:\/\/cause.ch\/lab\/wp-json\/wp\/v2\/tags?post=3603"}],"curies":[{"name":"wp","href":"https:\/\/api.w.org\/{rel}","templated":true}]}}