{"id":3607,"date":"2017-09-04T16:31:51","date_gmt":"2017-09-04T14:31:51","guid":{"rendered":"http:\/\/cause.ch\/lab\/?p=3607"},"modified":"2017-09-04T16:31:51","modified_gmt":"2017-09-04T14:31:51","slug":"la-cote-24-08-17-jval-2017","status":"publish","type":"post","link":"https:\/\/cause.ch\/lab\/presse\/la-cote-24-08-17-jval-2017\/","title":{"rendered":"la C\u00f4te 24.08.17: JVAL 2017"},"content":{"rendered":"<div class=\"arx_pad_2 center_text\">\n<a href=\"http:\/\/cause.ch\/lab\/wp-content\/uploads\/2017\/09\/collab-cause-et-collectif-hapax-21-jval2017.jpg\"><img loading=\"lazy\" decoding=\"async\" src=\"http:\/\/cause.ch\/lab\/wp-content\/uploads\/2017\/09\/collab-cause-et-collectif-hapax-21-jval2017.jpg\" alt=\"\" width=\"1640\" height=\"624\" class=\"alignnone size-full wp-image-3609\" srcset=\"https:\/\/cause.ch\/lab\/wp-content\/uploads\/2017\/09\/collab-cause-et-collectif-hapax-21-jval2017.jpg 1640w, https:\/\/cause.ch\/lab\/wp-content\/uploads\/2017\/09\/collab-cause-et-collectif-hapax-21-jval2017-300x114.jpg 300w, https:\/\/cause.ch\/lab\/wp-content\/uploads\/2017\/09\/collab-cause-et-collectif-hapax-21-jval2017-768x292.jpg 768w, https:\/\/cause.ch\/lab\/wp-content\/uploads\/2017\/09\/collab-cause-et-collectif-hapax-21-jval2017-1024x390.jpg 1024w\" sizes=\"auto, (max-width: 1640px) 100vw, 1640px\" \/><\/a>\n<\/div>\n<p class=\"arx_2_pages center_content arx_pad_2\">\nPromotion faite par la presse locale \u00e0 l&#8217;approche de l&#8217;\u00e9dition 2017 du <a href=\"https:\/\/jval.ch\/\" target=\"_blank\">JVAL<\/a> festival, <a href=\"http:\/\/www.lacote.ch\/articles\/regions\/district-de-nyon\/l-aftershow-qui-en-met-plein-les-yeux-au-jval-695563\" target=\"_blank\">la C\u00f4te<\/a> mentionne la collaboration de Cause avec le <a href=\"http:\/\/c-h-21.tumblr.com\/\" target=\"_blank\">collectif Hapax 21<\/a> autour de sets DJ&#038;VJ festifs pour animer les aftershows des trois soir\u00e9es de l&#8217;\u00e9v\u00e8nement.\n<\/p>\n<div class=\"arx_pad_1 center_text\">\n<a href=\"http:\/\/www.lacote.ch\/articles\/regions\/district-de-nyon\/l-aftershow-qui-en-met-plein-les-yeux-au-jval-695563\"\" target=\"_blank\"><img loading=\"lazy\" decoding=\"async\" src=\"http:\/\/cause.ch\/lab\/wp-content\/uploads\/2017\/09\/screenshot-jval2017-27.8.17.-\u00a9lacote.png\" alt=\"\" width=\"1360\" height=\"1942\" class=\"alignnone size-full wp-image-3608\" srcset=\"https:\/\/cause.ch\/lab\/wp-content\/uploads\/2017\/09\/screenshot-jval2017-27.8.17.-\u00a9lacote.png 1360w, https:\/\/cause.ch\/lab\/wp-content\/uploads\/2017\/09\/screenshot-jval2017-27.8.17.-\u00a9lacote-210x300.png 210w, https:\/\/cause.ch\/lab\/wp-content\/uploads\/2017\/09\/screenshot-jval2017-27.8.17.-\u00a9lacote-768x1097.png 768w, https:\/\/cause.ch\/lab\/wp-content\/uploads\/2017\/09\/screenshot-jval2017-27.8.17.-\u00a9lacote-717x1024.png 717w\" sizes=\"auto, (max-width: 1360px) 100vw, 1360px\" \/><\/a>\n<\/div>\n<div class=\"arx_pad_2 center_text\">\n<a href=\"http:\/\/www.lacote.ch\/\" target=\"_blank\"><img loading=\"lazy\" decoding=\"async\" src=\"http:\/\/cause.ch\/lab\/wp-content\/uploads\/2016\/12\/logo-\u00a9lacote.png\" alt=\"logo-lacote\" width=\"171\" height=\"58\" class=\"alignnone size-full wp-image-3118\" \/><\/a>\n<\/div>\n","protected":false},"excerpt":{"rendered":"<p>Promotion faite par la presse locale \u00e0 l&#8217;approche de l&#8217;\u00e9dition 2017 du JVAL festival, la C\u00f4te mentionne la collaboration de Cause avec le collectif Hapax 21 autour de sets DJ&#038;VJ festifs pour animer les aftershows des trois soir\u00e9es de l&#8217;\u00e9v\u00e8nement.<\/p>\n","protected":false},"author":4,"featured_media":0,"comment_status":"open","ping_status":"open","sticky":false,"template":"","format":"standard","meta":{"footnotes":""},"categories":[182],"tags":[411,7,381,293,29],"class_list":["post-3607","post","type-post","status-publish","format-standard","hentry","category-presse","tag-411","tag-cause","tag-collectif-hapax21","tag-jval","tag-wearethecause"],"_links":{"self":[{"href":"https:\/\/cause.ch\/lab\/wp-json\/wp\/v2\/posts\/3607","targetHints":{"allow":["GET"]}}],"collection":[{"href":"https:\/\/cause.ch\/lab\/wp-json\/wp\/v2\/posts"}],"about":[{"href":"https:\/\/cause.ch\/lab\/wp-json\/wp\/v2\/types\/post"}],"author":[{"embeddable":true,"href":"https:\/\/cause.ch\/lab\/wp-json\/wp\/v2\/users\/4"}],"replies":[{"embeddable":true,"href":"https:\/\/cause.ch\/lab\/wp-json\/wp\/v2\/comments?post=3607"}],"version-history":[{"count":3,"href":"https:\/\/cause.ch\/lab\/wp-json\/wp\/v2\/posts\/3607\/revisions"}],"predecessor-version":[{"id":3612,"href":"https:\/\/cause.ch\/lab\/wp-json\/wp\/v2\/posts\/3607\/revisions\/3612"}],"wp:attachment":[{"href":"https:\/\/cause.ch\/lab\/wp-json\/wp\/v2\/media?parent=3607"}],"wp:term":[{"taxonomy":"category","embeddable":true,"href":"https:\/\/cause.ch\/lab\/wp-json\/wp\/v2\/categories?post=3607"},{"taxonomy":"post_tag","embeddable":true,"href":"https:\/\/cause.ch\/lab\/wp-json\/wp\/v2\/tags?post=3607"}],"curies":[{"name":"wp","href":"https:\/\/api.w.org\/{rel}","templated":true}]}}