{"id":3621,"date":"2017-08-04T17:58:32","date_gmt":"2017-08-04T15:58:32","guid":{"rendered":"http:\/\/cause.ch\/lab\/?p=3621"},"modified":"2017-10-03T12:58:00","modified_gmt":"2017-10-03T10:58:00","slug":"we-skate-in-iran-iff-pssff","status":"publish","type":"post","link":"https:\/\/cause.ch\/lab\/we-are-the-cause\/we-skate-in-iran-iff-pssff\/","title":{"rendered":"We Skate in Iran @ IFF &#038; PSSFF"},"content":{"rendered":"<div class=\"center_text arx_pad_2\">\n<a href=\"http:\/\/cause.ch\/lab\/portfolio\/skate-iran\/\"><img loading=\"lazy\" decoding=\"async\" src=\"http:\/\/cause.ch\/lab\/wp-content\/uploads\/2017\/09\/poster-fb-weskateiniran-\u00a9cause2017.jpg\" alt=\"\" width=\"784\" height=\"524\" class=\"alignnone size-full wp-image-3622\" srcset=\"https:\/\/cause.ch\/lab\/wp-content\/uploads\/2017\/09\/poster-fb-weskateiniran-\u00a9cause2017.jpg 784w, https:\/\/cause.ch\/lab\/wp-content\/uploads\/2017\/09\/poster-fb-weskateiniran-\u00a9cause2017-300x201.jpg 300w, https:\/\/cause.ch\/lab\/wp-content\/uploads\/2017\/09\/poster-fb-weskateiniran-\u00a9cause2017-768x513.jpg 768w\" sizes=\"auto, (max-width: 784px) 100vw, 784px\" \/><\/a>\n<\/div>\n<p class=\"arx_2_pages center_content arx_pad_2\">\n<b>We Skate in Iran<\/b><br \/>\n<i>The rise of the iranian skateboard scene<\/i>\n<\/p>\n<p class=\"arx_2_pages center_content arx_pad_2\">\nDeux nouvelles dates de projections pour le documentaire de Benjamin Aryani <b><a href=\"http:\/\/cause.ch\/lab\/portfolio\/skate-iran\/\">We Skate in Iran<\/a><\/b> sur l&#8217;essor de la sc\u00e8ne skate \u00e0 T\u00e9h\u00e9ran et \u00e0 travers les villes du pays: le film sera en lice le 23 septembre au <a href=\"http:\/\/iranianfilmfestival.org\/\" target=\"_blank\">Festival du Film Iranien de San Francisco <\/a>ainsi qu&#8217;au <a href=\"http:\/\/www.pssff.fr\/\" target=\"_blank\">Paris Surf &#038; Skateboard Film Festival <\/a>du 21 au 24 septembre.\n<\/p>\n<p class=\"arx_2_pages center_text arx_pad_1\">\n<font size=\"2\"><b>21-24\/9\/2017<\/b><\/font>\n<\/p>\n<div class=\"arx_pad_2 center_content\">\n<div class=\"center_text arx_pad_0\" style=\"float:left\">\n<a href=\"https:\/\/www.facebook.com\/Paris-Surf-Skateboard-Film-Festival-1519532605037173\/\" target=\"_blank\"><img loading=\"lazy\" decoding=\"async\" src=\"http:\/\/cause.ch\/lab\/wp-content\/uploads\/2016\/12\/facebook-icon.png\" alt=\"facebook-icon\" width=\"32\" height=\"32\" class=\"alignnone size-full wp-image-2681\" \/><\/a>\n<\/div>\n<div class=\"center_text arx_pad_0\" style=\"float:right\">\n<a href=\"https:\/\/www.instagram.com\/pssff2017\/\" target=\"_blank\"><img loading=\"lazy\" decoding=\"async\" src=\"http:\/\/cause.ch\/lab\/wp-content\/uploads\/2016\/12\/instagram-icon.png\" alt=\"instagram-icon\" width=\"32\" height=\"32\" class=\"alignnone size-full wp-image-2682\" \/><\/a>\n<\/div>\n<div class=\"center_text arx_pad_0\" style=\"float:center\">\n<a href=\"http:\/\/www.pssff.fr\/\"><img loading=\"lazy\" decoding=\"async\" src=\"http:\/\/cause.ch\/lab\/wp-content\/uploads\/2017\/09\/logo-\u00a9pssff2017-300x233.jpg\" alt=\"\" width=\"150\" height=\"233\" class=\"alignnone size-medium wp-image-3623\" \/><\/a>\n<\/div>\n<\/div>\n<div class=\"center_text arx_pad_2\">\n<a href=\"http:\/\/cause.ch\/lab\/portfolio\/skate-iran\/\"><img loading=\"lazy\" decoding=\"async\" src=\"http:\/\/cause.ch\/lab\/wp-content\/uploads\/2017\/02\/alley-\u00a9weskateiniran2017.jpg\" alt=\"\" width=\"2560\" height=\"1440\" class=\"alignnone size-full wp-image-3389\" srcset=\"https:\/\/cause.ch\/lab\/wp-content\/uploads\/2017\/02\/alley-\u00a9weskateiniran2017.jpg 2560w, https:\/\/cause.ch\/lab\/wp-content\/uploads\/2017\/02\/alley-\u00a9weskateiniran2017-300x169.jpg 300w, https:\/\/cause.ch\/lab\/wp-content\/uploads\/2017\/02\/alley-\u00a9weskateiniran2017-768x432.jpg 768w, https:\/\/cause.ch\/lab\/wp-content\/uploads\/2017\/02\/alley-\u00a9weskateiniran2017-1024x576.jpg 1024w\" sizes=\"auto, (max-width: 2560px) 100vw, 2560px\" \/><\/a>\n<\/div>\n<p class=\"arx_2_pages center_text arx_pad_1\">\n<font size=\"2\"><b>23\/9\/2017<\/b><\/font>\n<\/p>\n<div class=\"arx_pad_2 center_content\">\n<div class=\"center_text arx_pad_0\" style=\"float:left\">\n<a href=\"https:\/\/www.facebook.com\/Iranian-Film-Festival-San-Francisco-219732168072302\/?hc_ref=ARQFaLPPwTnMyNokQ2ulSPQmSK9PDWvZW1li99bx5Zjuk1T-zGGDPzeSeMDY56MhrzA&#038;fref=nf\" target=\"_blank\"><img loading=\"lazy\" decoding=\"async\" src=\"http:\/\/cause.ch\/lab\/wp-content\/uploads\/2016\/12\/facebook-icon.png\" alt=\"facebook-icon\" width=\"32\" height=\"32\" class=\"alignnone size-full wp-image-2681\" \/><\/a>\n<\/div>\n<div class=\"center_text arx_pad_0\" style=\"float:right\">\n<a href=\"https:\/\/www.facebook.com\/Iranian-Film-Festival-San-Francisco-219732168072302\/?hc_ref=ARQFaLPPwTnMyNokQ2ulSPQmSK9PDWvZW1li99bx5Zjuk1T-zGGDPzeSeMDY56MhrzA&#038;fref=nf\" target=\"_blank\"><img loading=\"lazy\" decoding=\"async\" src=\"http:\/\/cause.ch\/lab\/wp-content\/uploads\/2016\/12\/facebook-icon.png\" alt=\"facebook-icon\" width=\"32\" height=\"32\" class=\"alignnone size-full wp-image-2681\" \/><\/a><\/div>\n<div class=\"center_text arx_pad_0\" style=\"float:center\">\n<a href=\"http:\/\/iranianfilmfestival.org\/\"><img loading=\"lazy\" decoding=\"async\" src=\"http:\/\/cause.ch\/lab\/wp-content\/uploads\/2017\/09\/logo-\u00a9iff2017-300x100.png\" alt=\"\" width=\"200\" height=\"100\" class=\"alignnone size-medium wp-image-3624\" \/><\/a>\n<\/div>\n<\/div>\n<div class=\"center_text arx_pad_2\">\n<a href=\"https:\/\/www.facebook.com\/WeSkateInIran\/\"><img loading=\"lazy\" decoding=\"async\" src=\"http:\/\/cause.ch\/lab\/wp-content\/uploads\/2017\/02\/logo-\u00a9weskateiniran2017-300x240.png\" alt=\"\" width=\"200\" height=\"240\" class=\"alignnone size-medium wp-image-3409\" \/><\/a>\n<\/div>\n","protected":false},"excerpt":{"rendered":"<p>We Skate in Iran The rise of the iranian skateboard scene Deux nouvelles dates de projections pour le documentaire de Benjamin Aryani We Skate in Iran sur l&#8217;essor de la sc\u00e8ne skate \u00e0 T\u00e9h\u00e9ran et \u00e0 travers les villes du pays: le film sera en lice le 23 septembre au Festival du Film Iranien de [&hellip;]<\/p>\n","protected":false},"author":4,"featured_media":0,"comment_status":"open","ping_status":"open","sticky":false,"template":"","format":"standard","meta":{"footnotes":""},"categories":[1],"tags":[416,7,107,422,32,423,29,299],"class_list":["post-3621","post","type-post","status-publish","format-standard","hentry","category-we-are-the-cause","tag-benjamin-aryani","tag-cause","tag-film","tag-iff","tag-iran","tag-pssff","tag-wearethecause","tag-weskateiniran"],"_links":{"self":[{"href":"https:\/\/cause.ch\/lab\/wp-json\/wp\/v2\/posts\/3621","targetHints":{"allow":["GET"]}}],"collection":[{"href":"https:\/\/cause.ch\/lab\/wp-json\/wp\/v2\/posts"}],"about":[{"href":"https:\/\/cause.ch\/lab\/wp-json\/wp\/v2\/types\/post"}],"author":[{"embeddable":true,"href":"https:\/\/cause.ch\/lab\/wp-json\/wp\/v2\/users\/4"}],"replies":[{"embeddable":true,"href":"https:\/\/cause.ch\/lab\/wp-json\/wp\/v2\/comments?post=3621"}],"version-history":[{"count":8,"href":"https:\/\/cause.ch\/lab\/wp-json\/wp\/v2\/posts\/3621\/revisions"}],"predecessor-version":[{"id":3640,"href":"https:\/\/cause.ch\/lab\/wp-json\/wp\/v2\/posts\/3621\/revisions\/3640"}],"wp:attachment":[{"href":"https:\/\/cause.ch\/lab\/wp-json\/wp\/v2\/media?parent=3621"}],"wp:term":[{"taxonomy":"category","embeddable":true,"href":"https:\/\/cause.ch\/lab\/wp-json\/wp\/v2\/categories?post=3621"},{"taxonomy":"post_tag","embeddable":true,"href":"https:\/\/cause.ch\/lab\/wp-json\/wp\/v2\/tags?post=3621"}],"curies":[{"name":"wp","href":"https:\/\/api.w.org\/{rel}","templated":true}]}}