{"id":3633,"date":"2017-10-03T12:56:55","date_gmt":"2017-10-03T10:56:55","guid":{"rendered":"http:\/\/cause.ch\/lab\/?p=3633"},"modified":"2017-10-03T12:59:27","modified_gmt":"2017-10-03T10:59:27","slug":"we-skate-in-iran-winner-iff-pssff","status":"publish","type":"post","link":"https:\/\/cause.ch\/lab\/we-are-the-cause\/we-skate-in-iran-winner-iff-pssff\/","title":{"rendered":"We Skate In Iran: Winner @ IFF &#038; PSSFF"},"content":{"rendered":"<div class=\"center_text arx_pad_2\">\n<a href=\"http:\/\/cause.ch\/lab\/portfolio\/skate-iran\/\"><img loading=\"lazy\" decoding=\"async\" src=\"http:\/\/cause.ch\/lab\/wp-content\/uploads\/2017\/10\/weskateiniran-poster-mathias-zwick.jpg\" alt=\"\" width=\"1038\" height=\"1298\" class=\"alignnone size-full wp-image-3635\" srcset=\"https:\/\/cause.ch\/lab\/wp-content\/uploads\/2017\/10\/weskateiniran-poster-mathias-zwick.jpg 1038w, https:\/\/cause.ch\/lab\/wp-content\/uploads\/2017\/10\/weskateiniran-poster-mathias-zwick-240x300.jpg 240w, https:\/\/cause.ch\/lab\/wp-content\/uploads\/2017\/10\/weskateiniran-poster-mathias-zwick-768x960.jpg 768w, https:\/\/cause.ch\/lab\/wp-content\/uploads\/2017\/10\/weskateiniran-poster-mathias-zwick-819x1024.jpg 819w\" sizes=\"auto, (max-width: 1038px) 100vw, 1038px\" \/><\/a>\n<\/div>\n<p class=\"arx_2_pages center_content arx_pad_2\">\nLa tourn\u00e9e de pr\u00e9sentation du documentaire <a href=\"http:\/\/cause.ch\/lab\/portfolio\/skate-iran\/\">We Skate In Iran<\/a> s&#8217;ach\u00e8ve sur d&#8217;excellents r\u00e9sultats. Le film \u00e9tait effectivement en lice derni\u00e8rement au <a href=\"http:\/\/iranianfilmfestival.org\/\" target=\"_blank\">Festival du Film Iranien de San Francisco <\/a>ainsi qu&#8217;au <a href=\"http:\/\/www.pssff.fr\/\" target=\"_blank\">Paris Surf &#038; Skateboard Film Festival<\/a>. Et c&#8217;est d\u00e9cid\u00e9ment un double succ\u00e8s des plus prometteurs pour le premier projet s\u00e9rieux du jeune T\u00e9h\u00e9ranais Benjamin Aryani. Le documentaire a \u00e9t\u00e9 nomm\u00e9 &#8220;Best short film&#8221; \u00e0 Paris et &#8220;Best short documentary&#8221; \u00e0 San Francisco. Il sera prochainement disponible en visionnement libre sur le site de Cause.\n<\/p>\n<div class=\"center_text arx_pad_2\">\n<a href=\"http:\/\/pssff.fr\/\"><img loading=\"lazy\" decoding=\"async\" src=\"http:\/\/cause.ch\/lab\/wp-content\/uploads\/2017\/10\/award-best-short-paris.jpg\" alt=\"\" width=\"284\" height=\"171\" class=\"alignnone size-full wp-image-3638\" \/><\/a>\n<\/div>\n<div class=\"center_text arx_pad_2\">\n<a href=\"http:\/\/iranianfilmfestival.org\/\"><a href=\"http:\/\/iranianfilmfestival.org\/\"><img loading=\"lazy\" decoding=\"async\" src=\"http:\/\/cause.ch\/lab\/wp-content\/uploads\/2017\/10\/winners-2017-\u00a9iff2017-957x1024.png\" alt=\"\" width=\"957\" height=\"1024\" class=\"alignnone size-large wp-image-3644\" srcset=\"https:\/\/cause.ch\/lab\/wp-content\/uploads\/2017\/10\/winners-2017-\u00a9iff2017-957x1024.png 957w, https:\/\/cause.ch\/lab\/wp-content\/uploads\/2017\/10\/winners-2017-\u00a9iff2017-280x300.png 280w, https:\/\/cause.ch\/lab\/wp-content\/uploads\/2017\/10\/winners-2017-\u00a9iff2017-768x822.png 768w, https:\/\/cause.ch\/lab\/wp-content\/uploads\/2017\/10\/winners-2017-\u00a9iff2017.png 1506w\" sizes=\"auto, (max-width: 957px) 100vw, 957px\" \/><\/a>\n<\/div>\n<div class=\"center_text arx_pad_2\">\n<a href=\"http:\/\/cause.ch\/lab\/wp-content\/uploads\/2017\/10\/weskateiniran-tehran-street-mathias-zwick.jpg\"><img loading=\"lazy\" decoding=\"async\" src=\"http:\/\/cause.ch\/lab\/wp-content\/uploads\/2017\/10\/weskateiniran-tehran-street-mathias-zwick-683x1024.jpg\" alt=\"\" width=\"683\" height=\"1024\" class=\"alignnone size-large wp-image-3636\" srcset=\"https:\/\/cause.ch\/lab\/wp-content\/uploads\/2017\/10\/weskateiniran-tehran-street-mathias-zwick-683x1024.jpg 683w, https:\/\/cause.ch\/lab\/wp-content\/uploads\/2017\/10\/weskateiniran-tehran-street-mathias-zwick-200x300.jpg 200w, https:\/\/cause.ch\/lab\/wp-content\/uploads\/2017\/10\/weskateiniran-tehran-street-mathias-zwick-768x1152.jpg 768w\" sizes=\"auto, (max-width: 683px) 100vw, 683px\" \/><\/a>\n<\/div>\n<div class=\"center_text arx_pad_2\">\n<a href=\"http:\/\/cause.ch\/lab\/wp-content\/uploads\/2017\/10\/weskateiniran-persian-crew-mathias-zwick.jpg\"><img loading=\"lazy\" decoding=\"async\" src=\"http:\/\/cause.ch\/lab\/wp-content\/uploads\/2017\/10\/weskateiniran-persian-crew-mathias-zwick-1024x696.jpg\" alt=\"\" width=\"1024\" height=\"696\" class=\"alignnone size-large wp-image-3634\" srcset=\"https:\/\/cause.ch\/lab\/wp-content\/uploads\/2017\/10\/weskateiniran-persian-crew-mathias-zwick-1024x696.jpg 1024w, https:\/\/cause.ch\/lab\/wp-content\/uploads\/2017\/10\/weskateiniran-persian-crew-mathias-zwick-300x204.jpg 300w, https:\/\/cause.ch\/lab\/wp-content\/uploads\/2017\/10\/weskateiniran-persian-crew-mathias-zwick-768x522.jpg 768w\" sizes=\"auto, (max-width: 1024px) 100vw, 1024px\" \/><\/a>\n<\/div>\n<div class=\"arx_pad_2 center_content\">\n<div class=\"center_text arx_pad_0\" style=\"float:left\">\n<a href=\"https:\/\/www.facebook.com\/Paris-Surf-Skateboard-Film-Festival-1519532605037173\/\" target=\"_blank\"><img loading=\"lazy\" decoding=\"async\" src=\"http:\/\/cause.ch\/lab\/wp-content\/uploads\/2016\/12\/facebook-icon.png\" alt=\"facebook-icon\" width=\"32\" height=\"32\" class=\"alignnone size-full wp-image-2681\" \/><\/a>\n<\/div>\n<div class=\"center_text arx_pad_0\" style=\"float:right\">\n<a href=\"https:\/\/www.instagram.com\/pssff2017\/\" target=\"_blank\"><img loading=\"lazy\" decoding=\"async\" src=\"http:\/\/cause.ch\/lab\/wp-content\/uploads\/2016\/12\/instagram-icon.png\" alt=\"instagram-icon\" width=\"32\" height=\"32\" class=\"alignnone size-full wp-image-2682\" \/><\/a>\n<\/div>\n<div class=\"center_text arx_pad_0\" style=\"float:center\">\n<a href=\"http:\/\/www.pssff.fr\/\"><img loading=\"lazy\" decoding=\"async\" src=\"http:\/\/cause.ch\/lab\/wp-content\/uploads\/2017\/09\/logo-\u00a9pssff2017-300x233.jpg\" alt=\"\" width=\"150\" height=\"233\" class=\"alignnone size-medium wp-image-3623\" \/><\/a>\n<\/div>\n<\/div>\n<div class=\"arx_pad_2 center_content\">\n<div class=\"center_text arx_pad_0\" style=\"float:left\">\n<a href=\"https:\/\/www.facebook.com\/Iranian-Film-Festival-San-Francisco-219732168072302\/?hc_ref=ARQFaLPPwTnMyNokQ2ulSPQmSK9PDWvZW1li99bx5Zjuk1T-zGGDPzeSeMDY56MhrzA&#038;fref=nf\" target=\"_blank\"><img loading=\"lazy\" decoding=\"async\" src=\"http:\/\/cause.ch\/lab\/wp-content\/uploads\/2016\/12\/facebook-icon.png\" alt=\"facebook-icon\" width=\"32\" height=\"32\" class=\"alignnone size-full wp-image-2681\" \/><\/a>\n<\/div>\n<div class=\"center_text arx_pad_0\" style=\"float:right\">\n<a href=\"https:\/\/www.facebook.com\/Iranian-Film-Festival-San-Francisco-219732168072302\/?hc_ref=ARQFaLPPwTnMyNokQ2ulSPQmSK9PDWvZW1li99bx5Zjuk1T-zGGDPzeSeMDY56MhrzA&#038;fref=nf\" target=\"_blank\"><img loading=\"lazy\" decoding=\"async\" src=\"http:\/\/cause.ch\/lab\/wp-content\/uploads\/2016\/12\/facebook-icon.png\" alt=\"facebook-icon\" width=\"32\" height=\"32\" class=\"alignnone size-full wp-image-2681\" \/><\/a><\/div>\n<div class=\"center_text arx_pad_0\" style=\"float:center\">\n<a href=\"http:\/\/iranianfilmfestival.org\/\"><img loading=\"lazy\" decoding=\"async\" src=\"http:\/\/cause.ch\/lab\/wp-content\/uploads\/2017\/09\/logo-\u00a9iff2017-300x100.png\" alt=\"\" width=\"200\" height=\"100\" class=\"alignnone size-medium wp-image-3624\" \/><\/a>\n<\/div>\n<\/div>\n<div class=\"center_text arx_pad_2\">\n<a href=\"https:\/\/www.facebook.com\/WeSkateInIran\/\"><img loading=\"lazy\" decoding=\"async\" src=\"http:\/\/cause.ch\/lab\/wp-content\/uploads\/2017\/02\/logo-\u00a9weskateiniran2017-300x240.png\" alt=\"\" width=\"200\" height=\"240\" class=\"alignnone size-medium wp-image-3409\" \/><\/a>\n<\/div>\n","protected":false},"excerpt":{"rendered":"<p>La tourn\u00e9e de pr\u00e9sentation du documentaire We Skate In Iran s&#8217;ach\u00e8ve sur d&#8217;excellents r\u00e9sultats. Le film \u00e9tait effectivement en lice derni\u00e8rement au Festival du Film Iranien de San Francisco ainsi qu&#8217;au Paris Surf &#038; Skateboard Film Festival. Et c&#8217;est d\u00e9cid\u00e9ment un double succ\u00e8s des plus prometteurs pour le premier projet s\u00e9rieux du jeune T\u00e9h\u00e9ranais Benjamin [&hellip;]<\/p>\n","protected":false},"author":4,"featured_media":0,"comment_status":"open","ping_status":"open","sticky":false,"template":"","format":"standard","meta":{"footnotes":""},"categories":[1],"tags":[411,416,424,107,422,32,423,93,29,299],"class_list":["post-3633","post","type-post","status-publish","format-standard","hentry","category-we-are-the-cause","tag-411","tag-benjamin-aryani","tag-documentary","tag-film","tag-iff","tag-iran","tag-pssff","tag-skate","tag-wearethecause","tag-weskateiniran"],"_links":{"self":[{"href":"https:\/\/cause.ch\/lab\/wp-json\/wp\/v2\/posts\/3633","targetHints":{"allow":["GET"]}}],"collection":[{"href":"https:\/\/cause.ch\/lab\/wp-json\/wp\/v2\/posts"}],"about":[{"href":"https:\/\/cause.ch\/lab\/wp-json\/wp\/v2\/types\/post"}],"author":[{"embeddable":true,"href":"https:\/\/cause.ch\/lab\/wp-json\/wp\/v2\/users\/4"}],"replies":[{"embeddable":true,"href":"https:\/\/cause.ch\/lab\/wp-json\/wp\/v2\/comments?post=3633"}],"version-history":[{"count":7,"href":"https:\/\/cause.ch\/lab\/wp-json\/wp\/v2\/posts\/3633\/revisions"}],"predecessor-version":[{"id":3647,"href":"https:\/\/cause.ch\/lab\/wp-json\/wp\/v2\/posts\/3633\/revisions\/3647"}],"wp:attachment":[{"href":"https:\/\/cause.ch\/lab\/wp-json\/wp\/v2\/media?parent=3633"}],"wp:term":[{"taxonomy":"category","embeddable":true,"href":"https:\/\/cause.ch\/lab\/wp-json\/wp\/v2\/categories?post=3633"},{"taxonomy":"post_tag","embeddable":true,"href":"https:\/\/cause.ch\/lab\/wp-json\/wp\/v2\/tags?post=3633"}],"curies":[{"name":"wp","href":"https:\/\/api.w.org\/{rel}","templated":true}]}}