{"id":3685,"date":"2019-05-09T12:38:04","date_gmt":"2019-05-09T10:38:04","guid":{"rendered":"https:\/\/cause.ch\/lab\/?p=3685"},"modified":"2019-05-16T16:53:17","modified_gmt":"2019-05-16T14:53:17","slug":"la-sabliere","status":"publish","type":"post","link":"https:\/\/cause.ch\/lab\/we-are-the-cause\/la-sabliere\/","title":{"rendered":"La Sabli\u00e8re"},"content":{"rendered":"<p>Suite \u00e0 la transformation participative en 2013 de nos locaux situ\u00e9s \u00e0 La Ballasti\u00e8re \u00e0 Gland en bureaux pour notre association,\u00a0ceux-ci s\u2019appr\u00eatent pour 2020 \u00e0 \u00eatre r\u00e9am\u00e9nag\u00e9s.<\/p>\n<p><iframe loading=\"lazy\" title=\"LOKAL 2.0\" src=\"https:\/\/player.vimeo.com\/video\/334854452?dnt=1&amp;app_id=122963\" width=\"500\" height=\"281\" frameborder=\"0\" allow=\"autoplay; fullscreen; picture-in-picture; clipboard-write\"><\/iframe><\/p>\n<p>Sous l\u2019impulsion de nos agents Adrian Meredith et Marcel Perrin, qui ont ouvert en 2018 leur propre bureau d\u2019architecture \u00ab Sablier \u00bb, il s\u2019agit de r\u00e9affecter cet espace, pour en faire un lieu de travail partag\u00e9. Aucune inqui\u00e9tude concernant la tenue du d\u00e9sormais traditionnel march\u00e9 des artisans &#8220;<a href=\"http:\/\/www.square-marche.ch\">Square<\/a>&#8221; qui aura lieu cette ann\u00e9e du 14 au 15 d\u00e9cembre: tout l\u2019espace du bas demeure inchang\u00e9, et sera m\u00eame plus g\u00e9n\u00e9reux! Nomm\u00e9 \u00ab La Sabli\u00e8re \u00bb, ce lieu situ\u00e9 en plein c\u0153ur de la C\u00f4te, \u00e0 environ 10 min \u00e0 pied de la gare, souhaite proposer des locations d\u2019espaces de travail modulables dans un contexte industriel et dynamique: place individuelle, grande place individuelle ou compartiment.<\/p>\n<p><img loading=\"lazy\" decoding=\"async\" class=\"alignnone size-full wp-image-3691 aligncenter\" src=\"https:\/\/cause.ch\/lab\/wp-content\/uploads\/2019\/05\/sabliere1.jpg\" alt=\"\" width=\"846\" height=\"1200\" srcset=\"https:\/\/cause.ch\/lab\/wp-content\/uploads\/2019\/05\/sabliere1.jpg 846w, https:\/\/cause.ch\/lab\/wp-content\/uploads\/2019\/05\/sabliere1-212x300.jpg 212w, https:\/\/cause.ch\/lab\/wp-content\/uploads\/2019\/05\/sabliere1-768x1089.jpg 768w, https:\/\/cause.ch\/lab\/wp-content\/uploads\/2019\/05\/sabliere1-722x1024.jpg 722w\" sizes=\"auto, (max-width: 846px) 100vw, 846px\" \/><img loading=\"lazy\" decoding=\"async\" class=\"alignnone size-full wp-image-3689 aligncenter\" src=\"https:\/\/cause.ch\/lab\/wp-content\/uploads\/2019\/05\/sabliere2.jpg\" alt=\"\" width=\"846\" height=\"1200\" srcset=\"https:\/\/cause.ch\/lab\/wp-content\/uploads\/2019\/05\/sabliere2.jpg 846w, https:\/\/cause.ch\/lab\/wp-content\/uploads\/2019\/05\/sabliere2-212x300.jpg 212w, https:\/\/cause.ch\/lab\/wp-content\/uploads\/2019\/05\/sabliere2-768x1089.jpg 768w, https:\/\/cause.ch\/lab\/wp-content\/uploads\/2019\/05\/sabliere2-722x1024.jpg 722w\" sizes=\"auto, (max-width: 846px) 100vw, 846px\" \/><img loading=\"lazy\" decoding=\"async\" class=\"alignnone size-full wp-image-3723\" style=\"font-size: 14.4px;\" src=\"https:\/\/cause.ch\/lab\/wp-content\/uploads\/2019\/05\/plan_sablie\u0300re.jpg\" alt=\"\" width=\"846\" height=\"1200\" srcset=\"https:\/\/cause.ch\/lab\/wp-content\/uploads\/2019\/05\/plan_sablie\u0300re.jpg 846w, https:\/\/cause.ch\/lab\/wp-content\/uploads\/2019\/05\/plan_sablie\u0300re-212x300.jpg 212w, https:\/\/cause.ch\/lab\/wp-content\/uploads\/2019\/05\/plan_sablie\u0300re-768x1089.jpg 768w, https:\/\/cause.ch\/lab\/wp-content\/uploads\/2019\/05\/plan_sablie\u0300re-722x1024.jpg 722w\" sizes=\"auto, (max-width: 846px) 100vw, 846px\" \/><img loading=\"lazy\" decoding=\"async\" class=\"alignnone size-full wp-image-3690 aligncenter\" src=\"https:\/\/cause.ch\/lab\/wp-content\/uploads\/2019\/05\/sabliere3.jpg\" alt=\"\" width=\"846\" height=\"1200\" srcset=\"https:\/\/cause.ch\/lab\/wp-content\/uploads\/2019\/05\/sabliere3.jpg 846w, https:\/\/cause.ch\/lab\/wp-content\/uploads\/2019\/05\/sabliere3-212x300.jpg 212w, https:\/\/cause.ch\/lab\/wp-content\/uploads\/2019\/05\/sabliere3-768x1089.jpg 768w, https:\/\/cause.ch\/lab\/wp-content\/uploads\/2019\/05\/sabliere3-722x1024.jpg 722w\" sizes=\"auto, (max-width: 846px) 100vw, 846px\" \/><\/p>\n<p style=\"text-align: center;\">Pour plus\u00a0d\u2019informations, n\u2019h\u00e9sitez pas \u00e0 contacter Adrian et Marcel \u00e0 l\u2019adresse suivante:<br \/>\n<a href=\"mailto:info@atelier-sablier.ch\">info@atelier-sablier.ch<\/a><\/p>\n","protected":false},"excerpt":{"rendered":"<p>Suite \u00e0 la transformation participative en 2013 de nos locaux situ\u00e9s \u00e0 La Ballasti\u00e8re \u00e0 Gland en bureaux pour notre association,\u00a0ceux-ci s\u2019appr\u00eatent pour 2020 \u00e0 \u00eatre r\u00e9am\u00e9nag\u00e9s. Sous l\u2019impulsion de nos agents Adrian Meredith et Marcel Perrin, qui ont ouvert en 2018 leur propre bureau d\u2019architecture \u00ab Sablier \u00bb, il s\u2019agit de r\u00e9affecter cet espace, [&hellip;]<\/p>\n","protected":false},"author":5,"featured_media":0,"comment_status":"open","ping_status":"open","sticky":false,"template":"","format":"standard","meta":{"footnotes":""},"categories":[1],"tags":[],"class_list":["post-3685","post","type-post","status-publish","format-standard","hentry","category-we-are-the-cause"],"_links":{"self":[{"href":"https:\/\/cause.ch\/lab\/wp-json\/wp\/v2\/posts\/3685","targetHints":{"allow":["GET"]}}],"collection":[{"href":"https:\/\/cause.ch\/lab\/wp-json\/wp\/v2\/posts"}],"about":[{"href":"https:\/\/cause.ch\/lab\/wp-json\/wp\/v2\/types\/post"}],"author":[{"embeddable":true,"href":"https:\/\/cause.ch\/lab\/wp-json\/wp\/v2\/users\/5"}],"replies":[{"embeddable":true,"href":"https:\/\/cause.ch\/lab\/wp-json\/wp\/v2\/comments?post=3685"}],"version-history":[{"count":27,"href":"https:\/\/cause.ch\/lab\/wp-json\/wp\/v2\/posts\/3685\/revisions"}],"predecessor-version":[{"id":3724,"href":"https:\/\/cause.ch\/lab\/wp-json\/wp\/v2\/posts\/3685\/revisions\/3724"}],"wp:attachment":[{"href":"https:\/\/cause.ch\/lab\/wp-json\/wp\/v2\/media?parent=3685"}],"wp:term":[{"taxonomy":"category","embeddable":true,"href":"https:\/\/cause.ch\/lab\/wp-json\/wp\/v2\/categories?post=3685"},{"taxonomy":"post_tag","embeddable":true,"href":"https:\/\/cause.ch\/lab\/wp-json\/wp\/v2\/tags?post=3685"}],"curies":[{"name":"wp","href":"https:\/\/api.w.org\/{rel}","templated":true}]}}