{"id":370,"date":"2013-12-22T17:11:25","date_gmt":"2013-12-22T17:11:25","guid":{"rendered":"http:\/\/cause.ch\/lab\/?p=370"},"modified":"2014-06-11T12:05:46","modified_gmt":"2014-06-11T10:05:46","slug":"oni-bang","status":"publish","type":"post","link":"https:\/\/cause.ch\/lab\/we-are-the-cause\/oni-bang\/","title":{"rendered":"ONI &#8211; BANG"},"content":{"rendered":"<div class=\"arx_pad_2\">\n<iframe loading=\"lazy\" frameborder=\"0\" width=\"640\" height=\"360\" src=\"http:\/\/www.dailymotion.com\/embed\/video\/x18m63w?logo=0&#038;info=0&#038;quality=720\" allowfullscreen><\/iframe>\n<\/div>\n<p class=\"arx_1 center_content arx_pad_0\">\nNe souhaitant pas manquer l&#8217;occasion de saluer ici une impressionnante production r\u00e9gionale, on vous pr\u00e9sente Bang, le nouveau clip du rappeur <a href=\"https:\/\/www.mx3.ch\/artist\/oni\" target=\"_blank\">Oni<\/a>, membre du groupe Suisse de hip hop\/rock\/electro <a href=\"http:\/\/flavors.me\/tweekofficial\/#_\" target=\"_blank\">Tweek<\/a>, r\u00e9alis\u00e9 par la talentueuse Nyonnaise <a href=\"http:\/\/www.meifatan.com\/\" target=\"_blank\">Mei Fa Tan<\/a>.\n<\/p>\n<p class=\"arx_1 center_content arx_pad_0\">\nUn montage subtile alterne des plans du chanteur dynamis\u00e9s par les arches lumineuses d&#8217;un d\u00e9cor vo\u00fbt\u00e9 dans l&#8217;arri\u00e8re-champ, et ceux d&#8217;une danseuse aux mouvements lents et gracieux au coeur grandiose du hall d&#8217;un manoir.\n<\/p>\n<p class=\"arx_1 center_content arx_pad_0\">\nNe sachant que trop bien tout ce qui est susceptible d&#8217;\u00eatre perdu de l&#8217;essence de la danse au cours du processus de sa capture sur film, on veut f\u00e9liciter une r\u00e9alisation qui est parvenue ici \u00e0 conserver toute l&#8217;\u00e9nergie d\u00e9gag\u00e9e par la danseuse aux charmes sombres et puissants, et ce paradoxalement par un traitement int\u00e9gral d&#8217;images ralenties, m\u00e9langeant plans rapproch\u00e9s et \u00e9loign\u00e9s.\n<\/p>\n<p class=\"arx_1 center_content arx_pad_0\">\nUn grand bravo pour la performance \u00e9poustouflante d&#8217;un mod\u00e8le d&#8217;inspiration en mati\u00e8re de pers\u00e9v\u00e9rance, de combativit\u00e9, d&#8217;affirmation et de r\u00e9alisation de soi, la radieuse <a href=\"http:\/\/nicolevonarx.com\/\">Nicole von Arx<\/a>, que nous connaissons bien, et que toute l&#8217;\u00e9quipe de Cause se vante de pouvoir vous pr\u00e9senter tout prochainement dans le cadre d&#8217;une production tr\u00e8s attendue!\n<\/p>\n<p class=\"arx_1 center_content\">\nPour ne pas en dire plus pour l&#8217;instant, nous conseillons d&#8217;ors et d\u00e9j\u00e0 \u00e0 tous suisses-romands de r\u00e9server leur soir\u00e9e du 16 Janvier prochain&#8230;<\/p>\n","protected":false},"excerpt":{"rendered":"<p>Ne souhaitant pas manquer l&#8217;occasion de saluer ici une impressionnante production r\u00e9gionale, on vous pr\u00e9sente Bang, le nouveau clip du rappeur Oni, membre du groupe Suisse de hip hop\/rock\/electro Tweek, r\u00e9alis\u00e9 par la talentueuse Nyonnaise Mei Fa Tan. Un montage subtile alterne des plans du chanteur dynamis\u00e9s par les arches lumineuses d&#8217;un d\u00e9cor vo\u00fbt\u00e9 dans [&hellip;]<\/p>\n","protected":false},"author":4,"featured_media":0,"comment_status":"open","ping_status":"open","sticky":false,"template":"","format":"standard","meta":{"footnotes":""},"categories":[1],"tags":[47,7,54,87,85,90,88,89,55,72],"class_list":["post-370","post","type-post","status-publish","format-standard","hentry","category-we-are-the-cause","tag-agents","tag-cause","tag-clip","tag-mei-fa-tan","tag-nicole-von-arx","tag-nyon","tag-oni","tag-tweek","tag-video","tag-we-are-the-cause-2"],"_links":{"self":[{"href":"https:\/\/cause.ch\/lab\/wp-json\/wp\/v2\/posts\/370","targetHints":{"allow":["GET"]}}],"collection":[{"href":"https:\/\/cause.ch\/lab\/wp-json\/wp\/v2\/posts"}],"about":[{"href":"https:\/\/cause.ch\/lab\/wp-json\/wp\/v2\/types\/post"}],"author":[{"embeddable":true,"href":"https:\/\/cause.ch\/lab\/wp-json\/wp\/v2\/users\/4"}],"replies":[{"embeddable":true,"href":"https:\/\/cause.ch\/lab\/wp-json\/wp\/v2\/comments?post=370"}],"version-history":[{"count":19,"href":"https:\/\/cause.ch\/lab\/wp-json\/wp\/v2\/posts\/370\/revisions"}],"predecessor-version":[{"id":1197,"href":"https:\/\/cause.ch\/lab\/wp-json\/wp\/v2\/posts\/370\/revisions\/1197"}],"wp:attachment":[{"href":"https:\/\/cause.ch\/lab\/wp-json\/wp\/v2\/media?parent=370"}],"wp:term":[{"taxonomy":"category","embeddable":true,"href":"https:\/\/cause.ch\/lab\/wp-json\/wp\/v2\/categories?post=370"},{"taxonomy":"post_tag","embeddable":true,"href":"https:\/\/cause.ch\/lab\/wp-json\/wp\/v2\/tags?post=370"}],"curies":[{"name":"wp","href":"https:\/\/api.w.org\/{rel}","templated":true}]}}