{"id":3726,"date":"2019-05-24T14:10:28","date_gmt":"2019-05-24T12:10:28","guid":{"rendered":"https:\/\/cause.ch\/lab\/?p=3726"},"modified":"2019-05-24T14:10:28","modified_gmt":"2019-05-24T12:10:28","slug":"levain-ch-le-futur-du-pain","status":"publish","type":"post","link":"https:\/\/cause.ch\/lab\/we-are-the-cause\/levain-ch-le-futur-du-pain\/","title":{"rendered":"Levain.ch, le futur du pain!"},"content":{"rendered":"<p>Amis genevois, votre attention!<\/p>\n<p>Notre agent artisan boulanger J\u00e9r\u00f4me Saugy va remettre la boulangerie artisanale au go\u00fbt du jour en cr\u00e9ant sa propre entreprise:\u00a0<a href=\"https:\/\/levain.ch\">Levain.ch<\/a>. Souscrivez votre abonnement et profitez de ces d\u00e9licieux pains frais p\u00e9tri \u00e0 la main avec amour et livr\u00e9 \u00e0 la force des mollets dans tout le canton de Gen\u00e8ve.<\/p>\n<p>Que du levain naturel, bio &amp; local!<\/p>\n<p><a href=\"https:\/\/levain.ch\"><img loading=\"lazy\" decoding=\"async\" class=\"size-full wp-image-3727\" src=\"https:\/\/cause.ch\/lab\/wp-content\/uploads\/2019\/05\/levain.jpg\" alt=\"\" width=\"1000\" height=\"750\" srcset=\"https:\/\/cause.ch\/lab\/wp-content\/uploads\/2019\/05\/levain.jpg 1000w, https:\/\/cause.ch\/lab\/wp-content\/uploads\/2019\/05\/levain-300x225.jpg 300w, https:\/\/cause.ch\/lab\/wp-content\/uploads\/2019\/05\/levain-768x576.jpg 768w\" sizes=\"auto, (max-width: 1000px) 100vw, 1000px\" \/><\/a><\/p>\n<p>\u00e0 noter que toute son identit\u00e9 visuelle a \u00e9t\u00e9 r\u00e9alis\u00e9e par notre agent Pierre Andrey aka\u00a0<a href=\"https:\/\/www.giroscope.ch\">Giroscope<\/a>.<\/p>\n<p><img loading=\"lazy\" decoding=\"async\" class=\"alignnone size-full wp-image-3678\" src=\"https:\/\/cause.ch\/lab\/wp-content\/uploads\/2019\/03\/levain_logo.png\" alt=\"\" width=\"6166\" height=\"4007\" srcset=\"https:\/\/cause.ch\/lab\/wp-content\/uploads\/2019\/03\/levain_logo.png 6166w, https:\/\/cause.ch\/lab\/wp-content\/uploads\/2019\/03\/levain_logo-300x195.png 300w, https:\/\/cause.ch\/lab\/wp-content\/uploads\/2019\/03\/levain_logo-768x499.png 768w, https:\/\/cause.ch\/lab\/wp-content\/uploads\/2019\/03\/levain_logo-1024x665.png 1024w\" sizes=\"auto, (max-width: 6166px) 100vw, 6166px\" \/><\/p>\n","protected":false},"excerpt":{"rendered":"<p>Amis genevois, votre attention! Notre agent artisan boulanger J\u00e9r\u00f4me Saugy va remettre la boulangerie artisanale au go\u00fbt du jour en cr\u00e9ant sa propre entreprise:\u00a0Levain.ch. Souscrivez votre abonnement et profitez de ces d\u00e9licieux pains frais p\u00e9tri \u00e0 la main avec amour et livr\u00e9 \u00e0 la force des mollets dans tout le canton de Gen\u00e8ve. Que du [&hellip;]<\/p>\n","protected":false},"author":5,"featured_media":0,"comment_status":"open","ping_status":"open","sticky":false,"template":"","format":"standard","meta":{"footnotes":""},"categories":[1],"tags":[428,429,118,427],"class_list":["post-3726","post","type-post","status-publish","format-standard","hentry","category-we-are-the-cause","tag-boulangerie-artisanale","tag-geneve","tag-jerome-saugy","tag-levain"],"_links":{"self":[{"href":"https:\/\/cause.ch\/lab\/wp-json\/wp\/v2\/posts\/3726","targetHints":{"allow":["GET"]}}],"collection":[{"href":"https:\/\/cause.ch\/lab\/wp-json\/wp\/v2\/posts"}],"about":[{"href":"https:\/\/cause.ch\/lab\/wp-json\/wp\/v2\/types\/post"}],"author":[{"embeddable":true,"href":"https:\/\/cause.ch\/lab\/wp-json\/wp\/v2\/users\/5"}],"replies":[{"embeddable":true,"href":"https:\/\/cause.ch\/lab\/wp-json\/wp\/v2\/comments?post=3726"}],"version-history":[{"count":1,"href":"https:\/\/cause.ch\/lab\/wp-json\/wp\/v2\/posts\/3726\/revisions"}],"predecessor-version":[{"id":3728,"href":"https:\/\/cause.ch\/lab\/wp-json\/wp\/v2\/posts\/3726\/revisions\/3728"}],"wp:attachment":[{"href":"https:\/\/cause.ch\/lab\/wp-json\/wp\/v2\/media?parent=3726"}],"wp:term":[{"taxonomy":"category","embeddable":true,"href":"https:\/\/cause.ch\/lab\/wp-json\/wp\/v2\/categories?post=3726"},{"taxonomy":"post_tag","embeddable":true,"href":"https:\/\/cause.ch\/lab\/wp-json\/wp\/v2\/tags?post=3726"}],"curies":[{"name":"wp","href":"https:\/\/api.w.org\/{rel}","templated":true}]}}