{"id":3755,"date":"2019-12-09T15:24:27","date_gmt":"2019-12-09T14:24:27","guid":{"rendered":"https:\/\/cause.ch\/lab\/?p=3755"},"modified":"2019-12-09T15:24:29","modified_gmt":"2019-12-09T14:24:29","slug":"mise-en-cause-for-square-2019","status":"publish","type":"post","link":"https:\/\/cause.ch\/lab\/we-are-the-cause\/mise-en-cause-for-square-2019\/","title":{"rendered":"Mise en Cause for Square 2019"},"content":{"rendered":"<div class=\"center_text arx_pad_2\"><img loading=\"lazy\" decoding=\"async\" width=\"1024\" height=\"683\" class=\"wp-image-3788\" src=\"https:\/\/cause.ch\/lab\/wp-content\/uploads\/2019\/12\/DSC_5718-1024x683.jpg\" alt=\"\" srcset=\"https:\/\/cause.ch\/lab\/wp-content\/uploads\/2019\/12\/DSC_5718-1024x683.jpg 1024w, https:\/\/cause.ch\/lab\/wp-content\/uploads\/2019\/12\/DSC_5718-300x200.jpg 300w, https:\/\/cause.ch\/lab\/wp-content\/uploads\/2019\/12\/DSC_5718-768x512.jpg 768w, https:\/\/cause.ch\/lab\/wp-content\/uploads\/2019\/12\/DSC_5718-640x426.jpg 640w\" sizes=\"auto, (max-width: 1024px) 100vw, 1024px\" \/><\/div>\n<p class=\"arx_2_pages center_content arx_pad_2\">Une collaboration<br \/>\n<strong>Cause &amp; <\/strong><a href=\"http:\/\/lamise.ch\"><strong>la Mise en Bi\u00e8re<\/strong><\/a><br \/>\npour <b><a href=\"http:\/\/www.square-marche.ch\/\">Square 2019<\/a><\/b><\/p>\n<p class=\"arx_2_pages center_content arx_pad_1\">Le 2 novembre dernier aux premi\u00e8res lueurs, une d\u00e9l\u00e9gation Cause se retrouve au 9 rue de la Tour, Lausanne, pour le brassin de la bi\u00e8re pr\u00e9vue pour son march\u00e9 des artisans annuel de mi-d\u00e9cembre.<\/p>\n<p class=\"arx_2_pages center_content arx_pad_1\">Une dizaine d&#8217;heures plus tard, la Mise en Cause est d\u00e9j\u00e0 dans son fermenteur o\u00f9 les levures op\u00e8rent leur magie transformative: le bar de Square servira cette ann\u00e9e une strong english bitter &#8220;maison&#8221; &#8211; impr\u00e9gn\u00e9e d&#8217;esprit collaboratif, d&#8217;assiduit\u00e9 et des rigolades d&#8217;une rencontre riche en partage.<\/p>\n<p class=\"arx_2_pages center_content arx_pad_2\">Rendez-vous donc le 14 et 15 d\u00e9cembre \u00e0 la Z.I. de Gland pour l&#8217;ap\u00e9ro ;) <i>Cheers!<\/i><\/p>\n<div class=\"center_text arx_pad_2\">\n<img loading=\"lazy\" decoding=\"async\" class=\"alignnone size-large wp-image-3768\" src=\"https:\/\/cause.ch\/lab\/wp-content\/uploads\/2019\/12\/01-collab-mise-en-cause-\u00a9lamiseenbiere2019-1024x682.jpg\" alt=\"\" width=\"1024\" height=\"682\" srcset=\"https:\/\/cause.ch\/lab\/wp-content\/uploads\/2019\/12\/01-collab-mise-en-cause-\u00a9lamiseenbiere2019-1024x682.jpg 1024w, https:\/\/cause.ch\/lab\/wp-content\/uploads\/2019\/12\/01-collab-mise-en-cause-\u00a9lamiseenbiere2019-300x200.jpg 300w, https:\/\/cause.ch\/lab\/wp-content\/uploads\/2019\/12\/01-collab-mise-en-cause-\u00a9lamiseenbiere2019-768x512.jpg 768w, https:\/\/cause.ch\/lab\/wp-content\/uploads\/2019\/12\/01-collab-mise-en-cause-\u00a9lamiseenbiere2019-640x426.jpg 640w, https:\/\/cause.ch\/lab\/wp-content\/uploads\/2019\/12\/01-collab-mise-en-cause-\u00a9lamiseenbiere2019.jpg 2000w\" sizes=\"auto, (max-width: 1024px) 100vw, 1024px\" \/><\/div>\n<div class=\"center_text arx_pad_2\">\n<img loading=\"lazy\" decoding=\"async\" class=\"alignnone size-large wp-image-3769\" src=\"https:\/\/cause.ch\/lab\/wp-content\/uploads\/2019\/12\/02-collab-mise-en-cause-\u00a9lamiseenbiere2019-1024x682.jpg\" alt=\"\" width=\"1024\" height=\"682\" srcset=\"https:\/\/cause.ch\/lab\/wp-content\/uploads\/2019\/12\/02-collab-mise-en-cause-\u00a9lamiseenbiere2019-1024x682.jpg 1024w, https:\/\/cause.ch\/lab\/wp-content\/uploads\/2019\/12\/02-collab-mise-en-cause-\u00a9lamiseenbiere2019-300x200.jpg 300w, https:\/\/cause.ch\/lab\/wp-content\/uploads\/2019\/12\/02-collab-mise-en-cause-\u00a9lamiseenbiere2019-768x512.jpg 768w, https:\/\/cause.ch\/lab\/wp-content\/uploads\/2019\/12\/02-collab-mise-en-cause-\u00a9lamiseenbiere2019-640x426.jpg 640w, https:\/\/cause.ch\/lab\/wp-content\/uploads\/2019\/12\/02-collab-mise-en-cause-\u00a9lamiseenbiere2019.jpg 2000w\" sizes=\"auto, (max-width: 1024px) 100vw, 1024px\" \/><\/div>\n<div class=\"center_text arx_pad_2\">\n<img loading=\"lazy\" decoding=\"async\" class=\"alignnone size-large wp-image-3770\" src=\"https:\/\/cause.ch\/lab\/wp-content\/uploads\/2019\/12\/03-collab-mise-en-cause-\u00a9lamiseenbiere2019-1024x682.jpg\" alt=\"\" width=\"1024\" height=\"682\" srcset=\"https:\/\/cause.ch\/lab\/wp-content\/uploads\/2019\/12\/03-collab-mise-en-cause-\u00a9lamiseenbiere2019-1024x682.jpg 1024w, https:\/\/cause.ch\/lab\/wp-content\/uploads\/2019\/12\/03-collab-mise-en-cause-\u00a9lamiseenbiere2019-300x200.jpg 300w, https:\/\/cause.ch\/lab\/wp-content\/uploads\/2019\/12\/03-collab-mise-en-cause-\u00a9lamiseenbiere2019-768x512.jpg 768w, https:\/\/cause.ch\/lab\/wp-content\/uploads\/2019\/12\/03-collab-mise-en-cause-\u00a9lamiseenbiere2019-640x426.jpg 640w, https:\/\/cause.ch\/lab\/wp-content\/uploads\/2019\/12\/03-collab-mise-en-cause-\u00a9lamiseenbiere2019.jpg 2000w\" sizes=\"auto, (max-width: 1024px) 100vw, 1024px\" \/><\/div>\n<div class=\"center_text arx_pad_2\">\n<img loading=\"lazy\" decoding=\"async\" class=\"alignnone size-large wp-image-3771\" src=\"https:\/\/cause.ch\/lab\/wp-content\/uploads\/2019\/12\/04-collab-mise-en-cause-\u00a9lamiseenbiere2019-1024x682.jpg\" alt=\"\" width=\"1024\" height=\"682\" srcset=\"https:\/\/cause.ch\/lab\/wp-content\/uploads\/2019\/12\/04-collab-mise-en-cause-\u00a9lamiseenbiere2019-1024x682.jpg 1024w, https:\/\/cause.ch\/lab\/wp-content\/uploads\/2019\/12\/04-collab-mise-en-cause-\u00a9lamiseenbiere2019-300x200.jpg 300w, https:\/\/cause.ch\/lab\/wp-content\/uploads\/2019\/12\/04-collab-mise-en-cause-\u00a9lamiseenbiere2019-768x512.jpg 768w, https:\/\/cause.ch\/lab\/wp-content\/uploads\/2019\/12\/04-collab-mise-en-cause-\u00a9lamiseenbiere2019-640x426.jpg 640w, https:\/\/cause.ch\/lab\/wp-content\/uploads\/2019\/12\/04-collab-mise-en-cause-\u00a9lamiseenbiere2019.jpg 2000w\" sizes=\"auto, (max-width: 1024px) 100vw, 1024px\" \/><\/div>\n<div class=\"center_text arx_pad_2\">\n<img loading=\"lazy\" decoding=\"async\" class=\"alignnone size-large wp-image-3772\" src=\"https:\/\/cause.ch\/lab\/wp-content\/uploads\/2019\/12\/05-collab-mise-en-cause-\u00a9lamiseenbiere2019-1024x682.jpg\" alt=\"\" width=\"1024\" height=\"682\" srcset=\"https:\/\/cause.ch\/lab\/wp-content\/uploads\/2019\/12\/05-collab-mise-en-cause-\u00a9lamiseenbiere2019-1024x682.jpg 1024w, https:\/\/cause.ch\/lab\/wp-content\/uploads\/2019\/12\/05-collab-mise-en-cause-\u00a9lamiseenbiere2019-300x200.jpg 300w, https:\/\/cause.ch\/lab\/wp-content\/uploads\/2019\/12\/05-collab-mise-en-cause-\u00a9lamiseenbiere2019-768x512.jpg 768w, https:\/\/cause.ch\/lab\/wp-content\/uploads\/2019\/12\/05-collab-mise-en-cause-\u00a9lamiseenbiere2019-640x426.jpg 640w, https:\/\/cause.ch\/lab\/wp-content\/uploads\/2019\/12\/05-collab-mise-en-cause-\u00a9lamiseenbiere2019.jpg 2000w\" sizes=\"auto, (max-width: 1024px) 100vw, 1024px\" \/><\/div>\n<div class=\"center_text arx_pad_2\">\n<img loading=\"lazy\" decoding=\"async\" class=\"alignnone size-large wp-image-3773\" src=\"https:\/\/cause.ch\/lab\/wp-content\/uploads\/2019\/12\/06-collab-mise-en-cause-\u00a9lamiseenbiere2019-1024x682.jpg\" alt=\"\" width=\"1024\" height=\"682\" srcset=\"https:\/\/cause.ch\/lab\/wp-content\/uploads\/2019\/12\/06-collab-mise-en-cause-\u00a9lamiseenbiere2019-1024x682.jpg 1024w, https:\/\/cause.ch\/lab\/wp-content\/uploads\/2019\/12\/06-collab-mise-en-cause-\u00a9lamiseenbiere2019-300x200.jpg 300w, https:\/\/cause.ch\/lab\/wp-content\/uploads\/2019\/12\/06-collab-mise-en-cause-\u00a9lamiseenbiere2019-768x512.jpg 768w, https:\/\/cause.ch\/lab\/wp-content\/uploads\/2019\/12\/06-collab-mise-en-cause-\u00a9lamiseenbiere2019-640x426.jpg 640w, https:\/\/cause.ch\/lab\/wp-content\/uploads\/2019\/12\/06-collab-mise-en-cause-\u00a9lamiseenbiere2019.jpg 2000w\" sizes=\"auto, (max-width: 1024px) 100vw, 1024px\" \/><\/div>\n<div class=\"center_text arx_pad_2\">\n<img loading=\"lazy\" decoding=\"async\" class=\"alignnone size-large wp-image-3774\" src=\"https:\/\/cause.ch\/lab\/wp-content\/uploads\/2019\/12\/07-collab-mise-en-cause-\u00a9lamiseenbiere2019-1024x682.jpg\" alt=\"\" width=\"1024\" height=\"682\" srcset=\"https:\/\/cause.ch\/lab\/wp-content\/uploads\/2019\/12\/07-collab-mise-en-cause-\u00a9lamiseenbiere2019-1024x682.jpg 1024w, https:\/\/cause.ch\/lab\/wp-content\/uploads\/2019\/12\/07-collab-mise-en-cause-\u00a9lamiseenbiere2019-300x200.jpg 300w, https:\/\/cause.ch\/lab\/wp-content\/uploads\/2019\/12\/07-collab-mise-en-cause-\u00a9lamiseenbiere2019-768x512.jpg 768w, https:\/\/cause.ch\/lab\/wp-content\/uploads\/2019\/12\/07-collab-mise-en-cause-\u00a9lamiseenbiere2019-640x426.jpg 640w, https:\/\/cause.ch\/lab\/wp-content\/uploads\/2019\/12\/07-collab-mise-en-cause-\u00a9lamiseenbiere2019.jpg 2000w\" sizes=\"auto, (max-width: 1024px) 100vw, 1024px\" \/><\/div>\n<div class=\"center_text arx_pad_2\">\n<img loading=\"lazy\" decoding=\"async\" class=\"alignnone size-large wp-image-3775\" src=\"https:\/\/cause.ch\/lab\/wp-content\/uploads\/2019\/12\/08-collab-mise-en-cause-\u00a9lamiseenbiere2019-1024x682.jpg\" alt=\"\" width=\"1024\" height=\"682\" srcset=\"https:\/\/cause.ch\/lab\/wp-content\/uploads\/2019\/12\/08-collab-mise-en-cause-\u00a9lamiseenbiere2019-1024x682.jpg 1024w, https:\/\/cause.ch\/lab\/wp-content\/uploads\/2019\/12\/08-collab-mise-en-cause-\u00a9lamiseenbiere2019-300x200.jpg 300w, https:\/\/cause.ch\/lab\/wp-content\/uploads\/2019\/12\/08-collab-mise-en-cause-\u00a9lamiseenbiere2019-768x512.jpg 768w, https:\/\/cause.ch\/lab\/wp-content\/uploads\/2019\/12\/08-collab-mise-en-cause-\u00a9lamiseenbiere2019-640x426.jpg 640w, https:\/\/cause.ch\/lab\/wp-content\/uploads\/2019\/12\/08-collab-mise-en-cause-\u00a9lamiseenbiere2019.jpg 2000w\" sizes=\"auto, (max-width: 1024px) 100vw, 1024px\" \/><\/div>\n<div class=\"center_text arx_pad_2\">\n<img loading=\"lazy\" decoding=\"async\" class=\"alignnone size-large wp-image-3776\" src=\"https:\/\/cause.ch\/lab\/wp-content\/uploads\/2019\/12\/09-collab-mise-en-cause-\u00a9lamiseenbiere2019-1024x682.jpg\" alt=\"\" width=\"1024\" height=\"682\" srcset=\"https:\/\/cause.ch\/lab\/wp-content\/uploads\/2019\/12\/09-collab-mise-en-cause-\u00a9lamiseenbiere2019-1024x682.jpg 1024w, https:\/\/cause.ch\/lab\/wp-content\/uploads\/2019\/12\/09-collab-mise-en-cause-\u00a9lamiseenbiere2019-300x200.jpg 300w, https:\/\/cause.ch\/lab\/wp-content\/uploads\/2019\/12\/09-collab-mise-en-cause-\u00a9lamiseenbiere2019-768x512.jpg 768w, https:\/\/cause.ch\/lab\/wp-content\/uploads\/2019\/12\/09-collab-mise-en-cause-\u00a9lamiseenbiere2019-640x426.jpg 640w, https:\/\/cause.ch\/lab\/wp-content\/uploads\/2019\/12\/09-collab-mise-en-cause-\u00a9lamiseenbiere2019.jpg 2000w\" sizes=\"auto, (max-width: 1024px) 100vw, 1024px\" \/><\/div>\n<div class=\"center_text arx_pad_2\">\n<img loading=\"lazy\" decoding=\"async\" class=\"alignnone size-large wp-image-3777\" src=\"https:\/\/cause.ch\/lab\/wp-content\/uploads\/2019\/12\/10-collab-mise-en-cause-\u00a9lamiseenbiere2019-1024x682.jpg\" alt=\"\" width=\"1024\" height=\"682\" srcset=\"https:\/\/cause.ch\/lab\/wp-content\/uploads\/2019\/12\/10-collab-mise-en-cause-\u00a9lamiseenbiere2019-1024x682.jpg 1024w, https:\/\/cause.ch\/lab\/wp-content\/uploads\/2019\/12\/10-collab-mise-en-cause-\u00a9lamiseenbiere2019-300x200.jpg 300w, https:\/\/cause.ch\/lab\/wp-content\/uploads\/2019\/12\/10-collab-mise-en-cause-\u00a9lamiseenbiere2019-768x512.jpg 768w, https:\/\/cause.ch\/lab\/wp-content\/uploads\/2019\/12\/10-collab-mise-en-cause-\u00a9lamiseenbiere2019-640x426.jpg 640w, https:\/\/cause.ch\/lab\/wp-content\/uploads\/2019\/12\/10-collab-mise-en-cause-\u00a9lamiseenbiere2019.jpg 2000w\" sizes=\"auto, (max-width: 1024px) 100vw, 1024px\" \/><\/div>\n<div class=\"center_text arx_pad_2\">\n<img loading=\"lazy\" decoding=\"async\" class=\"alignnone size-large wp-image-3778\" src=\"https:\/\/cause.ch\/lab\/wp-content\/uploads\/2019\/12\/11-collab-mise-en-cause-\u00a9lamiseenbiere2019-1024x682.jpg\" alt=\"\" width=\"1024\" height=\"682\" srcset=\"https:\/\/cause.ch\/lab\/wp-content\/uploads\/2019\/12\/11-collab-mise-en-cause-\u00a9lamiseenbiere2019-1024x682.jpg 1024w, https:\/\/cause.ch\/lab\/wp-content\/uploads\/2019\/12\/11-collab-mise-en-cause-\u00a9lamiseenbiere2019-300x200.jpg 300w, https:\/\/cause.ch\/lab\/wp-content\/uploads\/2019\/12\/11-collab-mise-en-cause-\u00a9lamiseenbiere2019-768x512.jpg 768w, https:\/\/cause.ch\/lab\/wp-content\/uploads\/2019\/12\/11-collab-mise-en-cause-\u00a9lamiseenbiere2019-640x426.jpg 640w, https:\/\/cause.ch\/lab\/wp-content\/uploads\/2019\/12\/11-collab-mise-en-cause-\u00a9lamiseenbiere2019.jpg 2000w\" sizes=\"auto, (max-width: 1024px) 100vw, 1024px\" \/><\/div>\n<div class=\"center_text arx_pad_2\">\n<img loading=\"lazy\" decoding=\"async\" class=\"alignnone size-large wp-image-3779\" src=\"https:\/\/cause.ch\/lab\/wp-content\/uploads\/2019\/12\/12-collab-mise-en-cause-\u00a9lamiseenbiere2019-1024x682.jpg\" alt=\"\" width=\"1024\" height=\"682\" srcset=\"https:\/\/cause.ch\/lab\/wp-content\/uploads\/2019\/12\/12-collab-mise-en-cause-\u00a9lamiseenbiere2019-1024x682.jpg 1024w, https:\/\/cause.ch\/lab\/wp-content\/uploads\/2019\/12\/12-collab-mise-en-cause-\u00a9lamiseenbiere2019-300x200.jpg 300w, https:\/\/cause.ch\/lab\/wp-content\/uploads\/2019\/12\/12-collab-mise-en-cause-\u00a9lamiseenbiere2019-768x512.jpg 768w, https:\/\/cause.ch\/lab\/wp-content\/uploads\/2019\/12\/12-collab-mise-en-cause-\u00a9lamiseenbiere2019-640x426.jpg 640w, https:\/\/cause.ch\/lab\/wp-content\/uploads\/2019\/12\/12-collab-mise-en-cause-\u00a9lamiseenbiere2019.jpg 2000w\" sizes=\"auto, (max-width: 1024px) 100vw, 1024px\" \/><\/div>\n<div class=\"center_text arx_pad_2\">\n<img loading=\"lazy\" decoding=\"async\" class=\"alignnone size-large wp-image-3780\" src=\"https:\/\/cause.ch\/lab\/wp-content\/uploads\/2019\/12\/13-collab-mise-en-cause-\u00a9lamiseenbiere2019-1024x682.jpg\" alt=\"\" width=\"1024\" height=\"682\" srcset=\"https:\/\/cause.ch\/lab\/wp-content\/uploads\/2019\/12\/13-collab-mise-en-cause-\u00a9lamiseenbiere2019-1024x682.jpg 1024w, https:\/\/cause.ch\/lab\/wp-content\/uploads\/2019\/12\/13-collab-mise-en-cause-\u00a9lamiseenbiere2019-300x200.jpg 300w, https:\/\/cause.ch\/lab\/wp-content\/uploads\/2019\/12\/13-collab-mise-en-cause-\u00a9lamiseenbiere2019-768x512.jpg 768w, https:\/\/cause.ch\/lab\/wp-content\/uploads\/2019\/12\/13-collab-mise-en-cause-\u00a9lamiseenbiere2019-640x426.jpg 640w, https:\/\/cause.ch\/lab\/wp-content\/uploads\/2019\/12\/13-collab-mise-en-cause-\u00a9lamiseenbiere2019.jpg 2000w\" sizes=\"auto, (max-width: 1024px) 100vw, 1024px\" \/><\/div>\n<div class=\"center_text arx_pad_2\">\n<img loading=\"lazy\" decoding=\"async\" class=\"alignnone size-large wp-image-3781\" src=\"https:\/\/cause.ch\/lab\/wp-content\/uploads\/2019\/12\/14-collab-mise-en-cause-\u00a9lamiseenbiere2019-1024x682.jpg\" alt=\"\" width=\"1024\" height=\"682\" srcset=\"https:\/\/cause.ch\/lab\/wp-content\/uploads\/2019\/12\/14-collab-mise-en-cause-\u00a9lamiseenbiere2019-1024x682.jpg 1024w, https:\/\/cause.ch\/lab\/wp-content\/uploads\/2019\/12\/14-collab-mise-en-cause-\u00a9lamiseenbiere2019-300x200.jpg 300w, https:\/\/cause.ch\/lab\/wp-content\/uploads\/2019\/12\/14-collab-mise-en-cause-\u00a9lamiseenbiere2019-768x512.jpg 768w, https:\/\/cause.ch\/lab\/wp-content\/uploads\/2019\/12\/14-collab-mise-en-cause-\u00a9lamiseenbiere2019-640x426.jpg 640w, https:\/\/cause.ch\/lab\/wp-content\/uploads\/2019\/12\/14-collab-mise-en-cause-\u00a9lamiseenbiere2019.jpg 2000w\" sizes=\"auto, (max-width: 1024px) 100vw, 1024px\" \/><\/div>\n<div class=\"center_text arx_pad_2\">\n<img loading=\"lazy\" decoding=\"async\" class=\"alignnone size-large wp-image-3782\" src=\"https:\/\/cause.ch\/lab\/wp-content\/uploads\/2019\/12\/15-collab-mise-en-cause-\u00a9lamiseenbiere2019-1024x682.jpg\" alt=\"\" width=\"1024\" height=\"682\" srcset=\"https:\/\/cause.ch\/lab\/wp-content\/uploads\/2019\/12\/15-collab-mise-en-cause-\u00a9lamiseenbiere2019-1024x682.jpg 1024w, https:\/\/cause.ch\/lab\/wp-content\/uploads\/2019\/12\/15-collab-mise-en-cause-\u00a9lamiseenbiere2019-300x200.jpg 300w, https:\/\/cause.ch\/lab\/wp-content\/uploads\/2019\/12\/15-collab-mise-en-cause-\u00a9lamiseenbiere2019-768x512.jpg 768w, https:\/\/cause.ch\/lab\/wp-content\/uploads\/2019\/12\/15-collab-mise-en-cause-\u00a9lamiseenbiere2019-640x426.jpg 640w, https:\/\/cause.ch\/lab\/wp-content\/uploads\/2019\/12\/15-collab-mise-en-cause-\u00a9lamiseenbiere2019.jpg 2000w\" sizes=\"auto, (max-width: 1024px) 100vw, 1024px\" \/><\/div>\n<div class=\"center_text arx_pad_2\">\n<img loading=\"lazy\" decoding=\"async\" class=\"alignnone size-large wp-image-3783\" src=\"https:\/\/cause.ch\/lab\/wp-content\/uploads\/2019\/12\/16-collab-mise-en-cause-\u00a9lamiseenbiere2019-1024x682.jpg\" alt=\"\" width=\"1024\" height=\"682\" srcset=\"https:\/\/cause.ch\/lab\/wp-content\/uploads\/2019\/12\/16-collab-mise-en-cause-\u00a9lamiseenbiere2019-1024x682.jpg 1024w, https:\/\/cause.ch\/lab\/wp-content\/uploads\/2019\/12\/16-collab-mise-en-cause-\u00a9lamiseenbiere2019-300x200.jpg 300w, https:\/\/cause.ch\/lab\/wp-content\/uploads\/2019\/12\/16-collab-mise-en-cause-\u00a9lamiseenbiere2019-768x512.jpg 768w, https:\/\/cause.ch\/lab\/wp-content\/uploads\/2019\/12\/16-collab-mise-en-cause-\u00a9lamiseenbiere2019-640x426.jpg 640w, https:\/\/cause.ch\/lab\/wp-content\/uploads\/2019\/12\/16-collab-mise-en-cause-\u00a9lamiseenbiere2019.jpg 2000w\" sizes=\"auto, (max-width: 1024px) 100vw, 1024px\" \/><\/div>\n<div class=\"center_text arx_pad_2\">\n<img loading=\"lazy\" decoding=\"async\" class=\"alignnone size-large wp-image-3784\" src=\"https:\/\/cause.ch\/lab\/wp-content\/uploads\/2019\/12\/17-collab-mise-en-cause-\u00a9lamiseenbiere2019-1024x682.jpg\" alt=\"\" width=\"1024\" height=\"682\" srcset=\"https:\/\/cause.ch\/lab\/wp-content\/uploads\/2019\/12\/17-collab-mise-en-cause-\u00a9lamiseenbiere2019-1024x682.jpg 1024w, https:\/\/cause.ch\/lab\/wp-content\/uploads\/2019\/12\/17-collab-mise-en-cause-\u00a9lamiseenbiere2019-300x200.jpg 300w, https:\/\/cause.ch\/lab\/wp-content\/uploads\/2019\/12\/17-collab-mise-en-cause-\u00a9lamiseenbiere2019-768x512.jpg 768w, https:\/\/cause.ch\/lab\/wp-content\/uploads\/2019\/12\/17-collab-mise-en-cause-\u00a9lamiseenbiere2019-640x426.jpg 640w, https:\/\/cause.ch\/lab\/wp-content\/uploads\/2019\/12\/17-collab-mise-en-cause-\u00a9lamiseenbiere2019.jpg 2000w\" sizes=\"auto, (max-width: 1024px) 100vw, 1024px\" \/><\/div>\n<div class=\"center_text arx_pad_2\">\n<img loading=\"lazy\" decoding=\"async\" class=\"alignnone size-large wp-image-3785\" src=\"https:\/\/cause.ch\/lab\/wp-content\/uploads\/2019\/12\/18-collab-mise-en-cause-\u00a9lamiseenbiere2019-1024x682.jpg\" alt=\"\" width=\"1024\" height=\"682\" srcset=\"https:\/\/cause.ch\/lab\/wp-content\/uploads\/2019\/12\/18-collab-mise-en-cause-\u00a9lamiseenbiere2019-1024x682.jpg 1024w, https:\/\/cause.ch\/lab\/wp-content\/uploads\/2019\/12\/18-collab-mise-en-cause-\u00a9lamiseenbiere2019-300x200.jpg 300w, https:\/\/cause.ch\/lab\/wp-content\/uploads\/2019\/12\/18-collab-mise-en-cause-\u00a9lamiseenbiere2019-768x512.jpg 768w, https:\/\/cause.ch\/lab\/wp-content\/uploads\/2019\/12\/18-collab-mise-en-cause-\u00a9lamiseenbiere2019-640x426.jpg 640w, https:\/\/cause.ch\/lab\/wp-content\/uploads\/2019\/12\/18-collab-mise-en-cause-\u00a9lamiseenbiere2019.jpg 2000w\" sizes=\"auto, (max-width: 1024px) 100vw, 1024px\" \/><\/div>\n<div class=\"center_text arx_pad_2\">\n<img loading=\"lazy\" decoding=\"async\" class=\"alignnone size-large wp-image-3786\" src=\"https:\/\/cause.ch\/lab\/wp-content\/uploads\/2019\/12\/19-collab-mise-en-cause-\u00a9lamiseenbiere2019-1024x682.jpg\" alt=\"\" width=\"1024\" height=\"682\" srcset=\"https:\/\/cause.ch\/lab\/wp-content\/uploads\/2019\/12\/19-collab-mise-en-cause-\u00a9lamiseenbiere2019-1024x682.jpg 1024w, https:\/\/cause.ch\/lab\/wp-content\/uploads\/2019\/12\/19-collab-mise-en-cause-\u00a9lamiseenbiere2019-300x200.jpg 300w, https:\/\/cause.ch\/lab\/wp-content\/uploads\/2019\/12\/19-collab-mise-en-cause-\u00a9lamiseenbiere2019-768x512.jpg 768w, https:\/\/cause.ch\/lab\/wp-content\/uploads\/2019\/12\/19-collab-mise-en-cause-\u00a9lamiseenbiere2019-640x426.jpg 640w, https:\/\/cause.ch\/lab\/wp-content\/uploads\/2019\/12\/19-collab-mise-en-cause-\u00a9lamiseenbiere2019.jpg 2000w\" sizes=\"auto, (max-width: 1024px) 100vw, 1024px\" \/><\/div>\n<div class=\"center_text arx_pad_2\">\n<img loading=\"lazy\" decoding=\"async\" class=\"alignnone size-large wp-image-3787\" src=\"https:\/\/cause.ch\/lab\/wp-content\/uploads\/2019\/12\/20-collab-mise-en-cause-\u00a9lamiseenbiere2019-1024x682.jpg\" alt=\"\" width=\"1024\" height=\"682\" srcset=\"https:\/\/cause.ch\/lab\/wp-content\/uploads\/2019\/12\/20-collab-mise-en-cause-\u00a9lamiseenbiere2019-1024x682.jpg 1024w, https:\/\/cause.ch\/lab\/wp-content\/uploads\/2019\/12\/20-collab-mise-en-cause-\u00a9lamiseenbiere2019-300x200.jpg 300w, https:\/\/cause.ch\/lab\/wp-content\/uploads\/2019\/12\/20-collab-mise-en-cause-\u00a9lamiseenbiere2019-768x512.jpg 768w, https:\/\/cause.ch\/lab\/wp-content\/uploads\/2019\/12\/20-collab-mise-en-cause-\u00a9lamiseenbiere2019-640x426.jpg 640w, https:\/\/cause.ch\/lab\/wp-content\/uploads\/2019\/12\/20-collab-mise-en-cause-\u00a9lamiseenbiere2019.jpg 2000w\" sizes=\"auto, (max-width: 1024px) 100vw, 1024px\" \/><\/div>\n<div class=\"center_text arx_pad_2\">\n<img loading=\"lazy\" decoding=\"async\" class=\"alignnone size-large wp-image-3757\" src=\"https:\/\/cause.ch\/lab\/wp-content\/uploads\/2019\/12\/21-collab-mise-en-cause-\u00a9lamiseenbiere2019-1024x682.jpg\" alt=\"\" width=\"1024\" height=\"682\" srcset=\"https:\/\/cause.ch\/lab\/wp-content\/uploads\/2019\/12\/21-collab-mise-en-cause-\u00a9lamiseenbiere2019-1024x682.jpg 1024w, https:\/\/cause.ch\/lab\/wp-content\/uploads\/2019\/12\/21-collab-mise-en-cause-\u00a9lamiseenbiere2019-300x200.jpg 300w, https:\/\/cause.ch\/lab\/wp-content\/uploads\/2019\/12\/21-collab-mise-en-cause-\u00a9lamiseenbiere2019-768x512.jpg 768w, https:\/\/cause.ch\/lab\/wp-content\/uploads\/2019\/12\/21-collab-mise-en-cause-\u00a9lamiseenbiere2019-640x426.jpg 640w, https:\/\/cause.ch\/lab\/wp-content\/uploads\/2019\/12\/21-collab-mise-en-cause-\u00a9lamiseenbiere2019.jpg 2000w\" sizes=\"auto, (max-width: 1024px) 100vw, 1024px\" \/><\/div>\n<div class=\"center_text arx_pad_2\">\n<img loading=\"lazy\" decoding=\"async\" class=\"alignnone size-large wp-image-3758\" src=\"https:\/\/cause.ch\/lab\/wp-content\/uploads\/2019\/12\/22-collab-mise-en-cause-\u00a9lamiseenbiere2019-1024x682.jpg\" alt=\"\" width=\"1024\" height=\"682\" srcset=\"https:\/\/cause.ch\/lab\/wp-content\/uploads\/2019\/12\/22-collab-mise-en-cause-\u00a9lamiseenbiere2019-1024x682.jpg 1024w, https:\/\/cause.ch\/lab\/wp-content\/uploads\/2019\/12\/22-collab-mise-en-cause-\u00a9lamiseenbiere2019-300x200.jpg 300w, https:\/\/cause.ch\/lab\/wp-content\/uploads\/2019\/12\/22-collab-mise-en-cause-\u00a9lamiseenbiere2019-768x512.jpg 768w, https:\/\/cause.ch\/lab\/wp-content\/uploads\/2019\/12\/22-collab-mise-en-cause-\u00a9lamiseenbiere2019-640x426.jpg 640w, https:\/\/cause.ch\/lab\/wp-content\/uploads\/2019\/12\/22-collab-mise-en-cause-\u00a9lamiseenbiere2019.jpg 2000w\" sizes=\"auto, (max-width: 1024px) 100vw, 1024px\" \/><\/div>\n<div class=\"center_text arx_pad_2\">\n<img loading=\"lazy\" decoding=\"async\" class=\"alignnone size-large wp-image-3759\" src=\"https:\/\/cause.ch\/lab\/wp-content\/uploads\/2019\/12\/23-collab-mise-en-cause-\u00a9lamiseenbiere2019-1024x682.jpg\" alt=\"\" width=\"1024\" height=\"682\" srcset=\"https:\/\/cause.ch\/lab\/wp-content\/uploads\/2019\/12\/23-collab-mise-en-cause-\u00a9lamiseenbiere2019-1024x682.jpg 1024w, https:\/\/cause.ch\/lab\/wp-content\/uploads\/2019\/12\/23-collab-mise-en-cause-\u00a9lamiseenbiere2019-300x200.jpg 300w, https:\/\/cause.ch\/lab\/wp-content\/uploads\/2019\/12\/23-collab-mise-en-cause-\u00a9lamiseenbiere2019-768x512.jpg 768w, https:\/\/cause.ch\/lab\/wp-content\/uploads\/2019\/12\/23-collab-mise-en-cause-\u00a9lamiseenbiere2019-640x426.jpg 640w, https:\/\/cause.ch\/lab\/wp-content\/uploads\/2019\/12\/23-collab-mise-en-cause-\u00a9lamiseenbiere2019.jpg 2000w\" sizes=\"auto, (max-width: 1024px) 100vw, 1024px\" \/><\/div>\n<div class=\"center_text arx_pad_2\">\n<img loading=\"lazy\" decoding=\"async\" class=\"alignnone size-large wp-image-3760\" src=\"https:\/\/cause.ch\/lab\/wp-content\/uploads\/2019\/12\/24-collab-mise-en-cause-\u00a9lamiseenbiere2019-1024x682.jpg\" alt=\"\" width=\"1024\" height=\"682\" srcset=\"https:\/\/cause.ch\/lab\/wp-content\/uploads\/2019\/12\/24-collab-mise-en-cause-\u00a9lamiseenbiere2019-1024x682.jpg 1024w, https:\/\/cause.ch\/lab\/wp-content\/uploads\/2019\/12\/24-collab-mise-en-cause-\u00a9lamiseenbiere2019-300x200.jpg 300w, https:\/\/cause.ch\/lab\/wp-content\/uploads\/2019\/12\/24-collab-mise-en-cause-\u00a9lamiseenbiere2019-768x512.jpg 768w, https:\/\/cause.ch\/lab\/wp-content\/uploads\/2019\/12\/24-collab-mise-en-cause-\u00a9lamiseenbiere2019-640x426.jpg 640w, https:\/\/cause.ch\/lab\/wp-content\/uploads\/2019\/12\/24-collab-mise-en-cause-\u00a9lamiseenbiere2019.jpg 2000w\" sizes=\"auto, (max-width: 1024px) 100vw, 1024px\" \/><\/div>\n<div class=\"center_text arx_pad_2\">\n<img loading=\"lazy\" decoding=\"async\" class=\"alignnone size-large wp-image-3761\" src=\"https:\/\/cause.ch\/lab\/wp-content\/uploads\/2019\/12\/26-collab-mise-en-cause-\u00a9lamiseenbiere2019-1024x682.jpg\" alt=\"\" width=\"1024\" height=\"682\" srcset=\"https:\/\/cause.ch\/lab\/wp-content\/uploads\/2019\/12\/26-collab-mise-en-cause-\u00a9lamiseenbiere2019-1024x682.jpg 1024w, https:\/\/cause.ch\/lab\/wp-content\/uploads\/2019\/12\/26-collab-mise-en-cause-\u00a9lamiseenbiere2019-300x200.jpg 300w, https:\/\/cause.ch\/lab\/wp-content\/uploads\/2019\/12\/26-collab-mise-en-cause-\u00a9lamiseenbiere2019-768x512.jpg 768w, https:\/\/cause.ch\/lab\/wp-content\/uploads\/2019\/12\/26-collab-mise-en-cause-\u00a9lamiseenbiere2019-640x426.jpg 640w, https:\/\/cause.ch\/lab\/wp-content\/uploads\/2019\/12\/26-collab-mise-en-cause-\u00a9lamiseenbiere2019.jpg 2000w\" sizes=\"auto, (max-width: 1024px) 100vw, 1024px\" \/><\/div>\n<div class=\"center_text arx_pad_2\">\n<img loading=\"lazy\" decoding=\"async\" class=\"alignnone size-large wp-image-3762\" src=\"https:\/\/cause.ch\/lab\/wp-content\/uploads\/2019\/12\/27-collab-mise-en-cause-\u00a9lamiseenbiere2019-682x1024.jpg\" alt=\"\" width=\"682\" height=\"1024\" srcset=\"https:\/\/cause.ch\/lab\/wp-content\/uploads\/2019\/12\/27-collab-mise-en-cause-\u00a9lamiseenbiere2019-682x1024.jpg 682w, https:\/\/cause.ch\/lab\/wp-content\/uploads\/2019\/12\/27-collab-mise-en-cause-\u00a9lamiseenbiere2019-200x300.jpg 200w, https:\/\/cause.ch\/lab\/wp-content\/uploads\/2019\/12\/27-collab-mise-en-cause-\u00a9lamiseenbiere2019-768x1152.jpg 768w, https:\/\/cause.ch\/lab\/wp-content\/uploads\/2019\/12\/27-collab-mise-en-cause-\u00a9lamiseenbiere2019.jpg 1333w\" sizes=\"auto, (max-width: 682px) 100vw, 682px\" \/><\/div>\n<div class=\"center_text arx_pad_2\">\n<img loading=\"lazy\" decoding=\"async\" class=\"alignnone size-large wp-image-3763\" src=\"https:\/\/cause.ch\/lab\/wp-content\/uploads\/2019\/12\/28-collab-mise-en-cause-\u00a9lamiseenbiere2019-1024x682.jpg\" alt=\"\" width=\"1024\" height=\"682\" srcset=\"https:\/\/cause.ch\/lab\/wp-content\/uploads\/2019\/12\/28-collab-mise-en-cause-\u00a9lamiseenbiere2019-1024x682.jpg 1024w, https:\/\/cause.ch\/lab\/wp-content\/uploads\/2019\/12\/28-collab-mise-en-cause-\u00a9lamiseenbiere2019-300x200.jpg 300w, https:\/\/cause.ch\/lab\/wp-content\/uploads\/2019\/12\/28-collab-mise-en-cause-\u00a9lamiseenbiere2019-768x512.jpg 768w, https:\/\/cause.ch\/lab\/wp-content\/uploads\/2019\/12\/28-collab-mise-en-cause-\u00a9lamiseenbiere2019-640x426.jpg 640w, https:\/\/cause.ch\/lab\/wp-content\/uploads\/2019\/12\/28-collab-mise-en-cause-\u00a9lamiseenbiere2019.jpg 2000w\" sizes=\"auto, (max-width: 1024px) 100vw, 1024px\" \/><\/div>\n<div class=\"center_text arx_pad_2\">\n<img loading=\"lazy\" decoding=\"async\" class=\"alignnone size-large wp-image-3764\" src=\"https:\/\/cause.ch\/lab\/wp-content\/uploads\/2019\/12\/29-collab-mise-en-cause-\u00a9lamiseenbiere2019-1024x682.jpg\" alt=\"\" width=\"1024\" height=\"682\" srcset=\"https:\/\/cause.ch\/lab\/wp-content\/uploads\/2019\/12\/29-collab-mise-en-cause-\u00a9lamiseenbiere2019-1024x682.jpg 1024w, https:\/\/cause.ch\/lab\/wp-content\/uploads\/2019\/12\/29-collab-mise-en-cause-\u00a9lamiseenbiere2019-300x200.jpg 300w, https:\/\/cause.ch\/lab\/wp-content\/uploads\/2019\/12\/29-collab-mise-en-cause-\u00a9lamiseenbiere2019-768x512.jpg 768w, https:\/\/cause.ch\/lab\/wp-content\/uploads\/2019\/12\/29-collab-mise-en-cause-\u00a9lamiseenbiere2019-640x426.jpg 640w, https:\/\/cause.ch\/lab\/wp-content\/uploads\/2019\/12\/29-collab-mise-en-cause-\u00a9lamiseenbiere2019.jpg 2000w\" sizes=\"auto, (max-width: 1024px) 100vw, 1024px\" \/><\/div>\n<div class=\"center_text arx_pad_2\">\n<img loading=\"lazy\" decoding=\"async\" class=\"alignnone size-large wp-image-3765\" src=\"https:\/\/cause.ch\/lab\/wp-content\/uploads\/2019\/12\/30-collab-mise-en-cause-\u00a9lamiseenbiere2019-1024x682.jpg\" alt=\"\" width=\"1024\" height=\"682\" srcset=\"https:\/\/cause.ch\/lab\/wp-content\/uploads\/2019\/12\/30-collab-mise-en-cause-\u00a9lamiseenbiere2019-1024x682.jpg 1024w, https:\/\/cause.ch\/lab\/wp-content\/uploads\/2019\/12\/30-collab-mise-en-cause-\u00a9lamiseenbiere2019-300x200.jpg 300w, https:\/\/cause.ch\/lab\/wp-content\/uploads\/2019\/12\/30-collab-mise-en-cause-\u00a9lamiseenbiere2019-768x512.jpg 768w, https:\/\/cause.ch\/lab\/wp-content\/uploads\/2019\/12\/30-collab-mise-en-cause-\u00a9lamiseenbiere2019-640x426.jpg 640w, https:\/\/cause.ch\/lab\/wp-content\/uploads\/2019\/12\/30-collab-mise-en-cause-\u00a9lamiseenbiere2019.jpg 2000w\" sizes=\"auto, (max-width: 1024px) 100vw, 1024px\" \/><\/div>\n<div class=\"center_text arx_pad_2\">\n<img loading=\"lazy\" decoding=\"async\" class=\"alignnone size-large wp-image-3766\" src=\"https:\/\/cause.ch\/lab\/wp-content\/uploads\/2019\/12\/31-collab-mise-en-cause-\u00a9lamiseenbiere2019-1024x682.jpg\" alt=\"\" width=\"1024\" height=\"682\" srcset=\"https:\/\/cause.ch\/lab\/wp-content\/uploads\/2019\/12\/31-collab-mise-en-cause-\u00a9lamiseenbiere2019-1024x682.jpg 1024w, https:\/\/cause.ch\/lab\/wp-content\/uploads\/2019\/12\/31-collab-mise-en-cause-\u00a9lamiseenbiere2019-300x200.jpg 300w, https:\/\/cause.ch\/lab\/wp-content\/uploads\/2019\/12\/31-collab-mise-en-cause-\u00a9lamiseenbiere2019-768x512.jpg 768w, https:\/\/cause.ch\/lab\/wp-content\/uploads\/2019\/12\/31-collab-mise-en-cause-\u00a9lamiseenbiere2019-640x426.jpg 640w, https:\/\/cause.ch\/lab\/wp-content\/uploads\/2019\/12\/31-collab-mise-en-cause-\u00a9lamiseenbiere2019.jpg 2000w\" sizes=\"auto, (max-width: 1024px) 100vw, 1024px\" \/><\/div>\n<div class=\"center_text arx_pad_2\">\n<img loading=\"lazy\" decoding=\"async\" class=\"alignnone size-large wp-image-3767\" src=\"https:\/\/cause.ch\/lab\/wp-content\/uploads\/2019\/12\/32-collab-mise-en-cause-\u00a9lamiseenbiere2019-1024x682.jpg\" alt=\"\" width=\"1024\" height=\"682\" srcset=\"https:\/\/cause.ch\/lab\/wp-content\/uploads\/2019\/12\/32-collab-mise-en-cause-\u00a9lamiseenbiere2019-1024x682.jpg 1024w, https:\/\/cause.ch\/lab\/wp-content\/uploads\/2019\/12\/32-collab-mise-en-cause-\u00a9lamiseenbiere2019-300x200.jpg 300w, https:\/\/cause.ch\/lab\/wp-content\/uploads\/2019\/12\/32-collab-mise-en-cause-\u00a9lamiseenbiere2019-768x512.jpg 768w, https:\/\/cause.ch\/lab\/wp-content\/uploads\/2019\/12\/32-collab-mise-en-cause-\u00a9lamiseenbiere2019-640x426.jpg 640w, https:\/\/cause.ch\/lab\/wp-content\/uploads\/2019\/12\/32-collab-mise-en-cause-\u00a9lamiseenbiere2019.jpg 2000w\" sizes=\"auto, (max-width: 1024px) 100vw, 1024px\" \/><\/div>\n","protected":false},"excerpt":{"rendered":"<p>Une collaboration Cause &amp; la Mise en Bi\u00e8re pour Square 2019 Le 2 novembre dernier aux premi\u00e8res lueurs, une d\u00e9l\u00e9gation Cause se retrouve au 9 rue de la Tour, Lausanne, pour le brassin de la bi\u00e8re pr\u00e9vue pour son march\u00e9 des artisans annuel de mi-d\u00e9cembre. Une dizaine d&#8217;heures plus tard, la Mise en Cause est [&hellip;]<\/p>\n","protected":false},"author":4,"featured_media":0,"comment_status":"open","ping_status":"open","sticky":false,"template":"","format":"standard","meta":{"footnotes":""},"categories":[1],"tags":[436,433,431,432,434,402,355,136,202,319,29],"class_list":["post-3755","post","type-post","status-publish","format-standard","hentry","category-we-are-the-cause","tag-436","tag-artisanale","tag-beer","tag-biere","tag-collaboration","tag-collectif","tag-craft","tag-evenement","tag-gland","tag-marche","tag-wearethecause"],"_links":{"self":[{"href":"https:\/\/cause.ch\/lab\/wp-json\/wp\/v2\/posts\/3755","targetHints":{"allow":["GET"]}}],"collection":[{"href":"https:\/\/cause.ch\/lab\/wp-json\/wp\/v2\/posts"}],"about":[{"href":"https:\/\/cause.ch\/lab\/wp-json\/wp\/v2\/types\/post"}],"author":[{"embeddable":true,"href":"https:\/\/cause.ch\/lab\/wp-json\/wp\/v2\/users\/4"}],"replies":[{"embeddable":true,"href":"https:\/\/cause.ch\/lab\/wp-json\/wp\/v2\/comments?post=3755"}],"version-history":[{"count":3,"href":"https:\/\/cause.ch\/lab\/wp-json\/wp\/v2\/posts\/3755\/revisions"}],"predecessor-version":[{"id":3791,"href":"https:\/\/cause.ch\/lab\/wp-json\/wp\/v2\/posts\/3755\/revisions\/3791"}],"wp:attachment":[{"href":"https:\/\/cause.ch\/lab\/wp-json\/wp\/v2\/media?parent=3755"}],"wp:term":[{"taxonomy":"category","embeddable":true,"href":"https:\/\/cause.ch\/lab\/wp-json\/wp\/v2\/categories?post=3755"},{"taxonomy":"post_tag","embeddable":true,"href":"https:\/\/cause.ch\/lab\/wp-json\/wp\/v2\/tags?post=3755"}],"curies":[{"name":"wp","href":"https:\/\/api.w.org\/{rel}","templated":true}]}}