{"id":378,"date":"2014-01-08T16:37:22","date_gmt":"2014-01-08T16:37:22","guid":{"rendered":"http:\/\/cause.ch\/lab\/?p=378"},"modified":"2014-06-11T12:04:06","modified_gmt":"2014-06-11T10:04:06","slug":"golden-prison-flux","status":"publish","type":"post","link":"https:\/\/cause.ch\/lab\/we-are-the-cause\/golden-prison-flux\/","title":{"rendered":"Golden Prison @ FLUX"},"content":{"rendered":"<div class=\"arx_pad_2\">\n<a href=\"http:\/\/cause.ch\/lab\/wp-content\/uploads\/2014\/01\/goldenprison@flux_img_2.jpg\"><img loading=\"lazy\" decoding=\"async\" src=\"http:\/\/cause.ch\/lab\/wp-content\/uploads\/2014\/01\/goldenprison@flux_img_2.jpg\" alt=\"goldenprison@flux_img_2\" width=\"480\" height=\"517\" class=\"alignnone size-full wp-image-504\" srcset=\"https:\/\/cause.ch\/lab\/wp-content\/uploads\/2014\/01\/goldenprison@flux_img_2.jpg 480w, https:\/\/cause.ch\/lab\/wp-content\/uploads\/2014\/01\/goldenprison@flux_img_2-278x300.jpg 278w\" sizes=\"auto, (max-width: 480px) 100vw, 480px\" \/><\/a>\n<\/div>\n<p class=\"arx_1 center_content arx_pad_1\">\n<i>Golden Prison est un clip vid\u00e9o exp\u00e9rimental pr\u00e9sent\u00e9 par Cause.<\/i>\n<\/p>\n<p class=\"arx_1 center_content arx_pad_0\">\nLe projet concr\u00e9tise une rencontre entre <b><a href=\"http:\/\/fabegryphin.bandcamp.com\/\" target=\"_blank\">Fabe Gryphin<\/a><\/b>, artiste de hip-hop, et <b><a href=\"http:\/\/nicolevonarx.com\/\" target=\"_blank\">Nicole von Arx<\/a><\/b>, artiste de danse contemporaine et chor\u00e9graphe, sous la supervision du r\u00e9alisateur et monteur <b><a href=\"http:\/\/www.fredericgoncerut.com\/\" target=\"_blank\">Fr\u00e9d\u00e9ric Goncerut<\/a>.<\/b>\n<\/p>\n<p class=\"arx_1 center_content arx_pad_0\">\nM\u00ealant danse, rythmique, verbe, cinema et mise en sc\u00e8ne, cette interpr\u00e9tation de la m\u00e9taphore de la prison dor\u00e9e accuse l&#8217;influence \u00e9touffante des mots d&#8217;ordre de notre soci\u00e9t\u00e9 sur nos r\u00eaves et nos ambitions.\n<\/p>\n<p class=\"arx_1 center_content arx_pad_1\">\nElle d\u00e9nonce la crise de d\u00e9senchantement qui confronte les adolescences du monde \u00e0 la rigidit\u00e9 de la r\u00e9alit\u00e9, \u00e0 la dure loi du concret, et \u00e0 l&#8217;urgence du devoir, poussant \u00e0 l&#8217;abandon de projets \u00e0 caract\u00e8re fantaisiste trop peu prometteurs \u00e0 l&#8217;\u00e9gard d&#8217;une carri\u00e8re \u00e0 s\u00e9curiser.\n<\/p>\n<p class=\"arx_1 center_content arx_pad_0\">\nLa video sera projet\u00e9e en avant premi\u00e8re dans le cadre d&#8217;une soir\u00e9e consacr\u00e9e \u00e0 une s\u00e9lection de court-m\u00e9trages de danse par le <a href=\"http:\/\/fluxlaboratory.com\/fr\/programme\/1598\" target=\"_blank\">FLUX Laboratory<\/a>, au <a href=\"http:\/\/fluxlaboratory.com\/fr\/contact\" target=\"_blank\">10 de la rue Jacques-Dalphin \u00e0 Carouge<\/a> (Trams 12 ou 14, arr\u00eat Place d&#8217;Armes) le 16 Janvier prochain, d\u00e8s 18:02.\n<\/p>\n<p class=\"arx_1 center_content arx_pad_1\">\nEn plus au programme, des performances des danseuses Nicole von Arx et Erin O&#8217;Reilly, du chanteur Fabe Gryphin, ainsi que les projections des films DESERT, de <a href=\"http:\/\/www.jeremytran.com\/\" target=\"_blank\">J\u00e9r\u00e9my Tran<\/a> avec Paul Girard, IDA Y VUELTA, de <a href=\"www.charlesmugel.com\" target=\"_blank\">Charles Mugel<\/a> et Giuseppe Bucci avec Ambre Pini, et JE CROIS QUE L&#8217;ON EST CE QUE L&#8217;ON EST, C&#8217;EST-A-DIRE\u2026?, par Paola Cardone et Anouchka Djurdevac, se conjugueront pour animer le fascinant espace conceptuel des locaux du FLUX.\n<\/p>\n<p class=\"arx_1 center_content arx_pad_2\">\nVenez donc nombreux afin de se retrouver ensemble pour c\u00e9l\u00e9brer le d\u00e9part d&#8217;une nouvelle ann\u00e9e en s&#8217;impr\u00e9gnant de cette pl\u00e9iade de d\u00e9couvertes enthousiasmantes!\n<\/p>\n<p><a href=\"http:\/\/cause.ch\/lab\/wp-content\/uploads\/2014\/01\/goldenprison@flux_img_1.jpg\"><img loading=\"lazy\" decoding=\"async\" src=\"http:\/\/cause.ch\/lab\/wp-content\/uploads\/2014\/01\/goldenprison@flux_img_1.jpg\" alt=\"goldenprison@flux_img_1\" width=\"640\" height=\"427\" class=\"alignnone size-full wp-image-503\" srcset=\"https:\/\/cause.ch\/lab\/wp-content\/uploads\/2014\/01\/goldenprison@flux_img_1.jpg 640w, https:\/\/cause.ch\/lab\/wp-content\/uploads\/2014\/01\/goldenprison@flux_img_1-300x200.jpg 300w\" sizes=\"auto, (max-width: 640px) 100vw, 640px\" \/><\/a><\/p>\n","protected":false},"excerpt":{"rendered":"<p>Golden Prison est un clip vid\u00e9o exp\u00e9rimental pr\u00e9sent\u00e9 par Cause. Le projet concr\u00e9tise une rencontre entre Fabe Gryphin, artiste de hip-hop, et Nicole von Arx, artiste de danse contemporaine et chor\u00e9graphe, sous la supervision du r\u00e9alisateur et monteur Fr\u00e9d\u00e9ric Goncerut. M\u00ealant danse, rythmique, verbe, cinema et mise en sc\u00e8ne, cette interpr\u00e9tation de la m\u00e9taphore de [&hellip;]<\/p>\n","protected":false},"author":4,"featured_media":0,"comment_status":"open","ping_status":"open","sticky":false,"template":"","format":"standard","meta":{"footnotes":""},"categories":[1],"tags":[47,7,54,84,79,81,80,82,60,83,85,59,86,55,72],"class_list":["post-378","post","type-post","status-publish","format-standard","hentry","category-we-are-the-cause","tag-agents","tag-cause","tag-clip","tag-fabe-gryphin","tag-flux","tag-flux-laboratory","tag-fluxum","tag-fluxum-foundation","tag-frederic-goncerut","tag-golden-prison","tag-nicole-von-arx","tag-pierre-andrey","tag-project","tag-video","tag-we-are-the-cause-2"],"_links":{"self":[{"href":"https:\/\/cause.ch\/lab\/wp-json\/wp\/v2\/posts\/378","targetHints":{"allow":["GET"]}}],"collection":[{"href":"https:\/\/cause.ch\/lab\/wp-json\/wp\/v2\/posts"}],"about":[{"href":"https:\/\/cause.ch\/lab\/wp-json\/wp\/v2\/types\/post"}],"author":[{"embeddable":true,"href":"https:\/\/cause.ch\/lab\/wp-json\/wp\/v2\/users\/4"}],"replies":[{"embeddable":true,"href":"https:\/\/cause.ch\/lab\/wp-json\/wp\/v2\/comments?post=378"}],"version-history":[{"count":45,"href":"https:\/\/cause.ch\/lab\/wp-json\/wp\/v2\/posts\/378\/revisions"}],"predecessor-version":[{"id":1196,"href":"https:\/\/cause.ch\/lab\/wp-json\/wp\/v2\/posts\/378\/revisions\/1196"}],"wp:attachment":[{"href":"https:\/\/cause.ch\/lab\/wp-json\/wp\/v2\/media?parent=378"}],"wp:term":[{"taxonomy":"category","embeddable":true,"href":"https:\/\/cause.ch\/lab\/wp-json\/wp\/v2\/categories?post=378"},{"taxonomy":"post_tag","embeddable":true,"href":"https:\/\/cause.ch\/lab\/wp-json\/wp\/v2\/tags?post=378"}],"curies":[{"name":"wp","href":"https:\/\/api.w.org\/{rel}","templated":true}]}}