{"id":887,"date":"2014-04-28T17:57:34","date_gmt":"2014-04-28T15:57:34","guid":{"rendered":"http:\/\/cause.ch\/lab\/?p=887"},"modified":"2014-06-11T11:49:32","modified_gmt":"2014-06-11T09:49:32","slug":"vernissage","status":"publish","type":"post","link":"https:\/\/cause.ch\/lab\/we-are-the-cause\/vernissage\/","title":{"rendered":"Vernissage!"},"content":{"rendered":"<p><a href=\"http:\/\/cause.ch\/lab\/wp-content\/uploads\/2014\/04\/Invitation_Vernissage_Cause_4.jpg\"><img loading=\"lazy\" decoding=\"async\" src=\"http:\/\/cause.ch\/lab\/wp-content\/uploads\/2014\/04\/Invitation_Vernissage_Cause_4.jpg\" alt=\"Invitation_Vernissage_Cause_4\" width=\"932\" height=\"1000\" class=\"alignnone size-full wp-image-903\" srcset=\"https:\/\/cause.ch\/lab\/wp-content\/uploads\/2014\/04\/Invitation_Vernissage_Cause_4.jpg 932w, https:\/\/cause.ch\/lab\/wp-content\/uploads\/2014\/04\/Invitation_Vernissage_Cause_4-279x300.jpg 279w\" sizes=\"auto, (max-width: 932px) 100vw, 932px\" \/><\/a><\/p>\n<p class=\"arx_2_medium center_text arx_pad_1\">\nChers amis, chers clients, chers partenaires,\n<\/p>\n<p class=\"arx_2_medium center_content arx_pad_2\">\nNous avons le plaisir de vous convier au vernissage des bureaux de Cause le 8 mai prochain, dans l&#8217;enceinte de notre <i>Lokal<\/i> fra\u00eechement r\u00e9nov\u00e9, situ\u00e9 sur la Route de Nyon 48, \u00e0 Gland:\n<\/p>\n<div class=\"arx_pad_2\">\n<a href=\"https:\/\/maps.google.ch\/maps?client=safari&amp;oe=UTF-8&amp;q=rte+de+nyon+48+gland&amp;ie=UTF-8&amp;hq=&amp;hnear=0x478c43642a3ba09d:0xc4caf64aeb80e44b,Route+de+Nyon+48,+1196+Gland&amp;gl=ch&amp;ei=n3BfU_n8JsmM7AaYqoCoDw&amp;ved=0CCsQ8gEwAA\" target=\"_blank\"><img loading=\"lazy\" decoding=\"async\" src=\"http:\/\/cause.ch\/lab\/wp-content\/uploads\/2014\/04\/plan_lokall_vernissage.jpg\" alt=\"plan_lokall_vernissage\" width=\"640\" height=\"200\" class=\"alignnone size-full wp-image-966\" \/><\/a>\n<\/div>\n<p class=\"arx_2_medium center_content arx_pad_1\">\nNous nous r\u00e9jouissons de tous vous y voir pour un ap\u00e9ritif convivial, diverses expositions et une visite guid\u00e9e des lieux, tout ceci d\u00e8s 17 heures, et jusqu&#8217;en 2050.\n<\/p>\n<p class=\"arx_2_medium center_content arx_pad_0\"; style=\"text-align: right\">\nles Agents de Cause\n<\/p>\n<p><a href=\"http:\/\/cause.ch\/lab\/wp-content\/uploads\/2014\/04\/Invitation_Vernissage_Cause_3.jpg\"><img loading=\"lazy\" decoding=\"async\" src=\"http:\/\/cause.ch\/lab\/wp-content\/uploads\/2014\/04\/Invitation_Vernissage_Cause_3.jpg\" alt=\"Invitation_Vernissage_Cause_3\" width=\"705\" height=\"1000\" class=\"alignnone size-full wp-image-905\" srcset=\"https:\/\/cause.ch\/lab\/wp-content\/uploads\/2014\/04\/Invitation_Vernissage_Cause_3.jpg 705w, https:\/\/cause.ch\/lab\/wp-content\/uploads\/2014\/04\/Invitation_Vernissage_Cause_3-211x300.jpg 211w\" sizes=\"auto, (max-width: 705px) 100vw, 705px\" \/><\/a><\/p>\n","protected":false},"excerpt":{"rendered":"<p>Chers amis, chers clients, chers partenaires, Nous avons le plaisir de vous convier au vernissage des bureaux de Cause le 8 mai prochain, dans l&#8217;enceinte de notre Lokal fra\u00eechement r\u00e9nov\u00e9, situ\u00e9 sur la Route de Nyon 48, \u00e0 Gland: Nous nous r\u00e9jouissons de tous vous y voir pour un ap\u00e9ritif convivial, diverses expositions et une [&hellip;]<\/p>\n","protected":false},"author":4,"featured_media":0,"comment_status":"open","ping_status":"open","sticky":false,"template":"","format":"standard","meta":{"footnotes":""},"categories":[1],"tags":[47,7,63,44,72,29],"class_list":["post-887","post","type-post","status-publish","format-standard","hentry","category-we-are-the-cause","tag-agents","tag-cause","tag-opening","tag-vernissage","tag-we-are-the-cause-2","tag-wearethecause"],"_links":{"self":[{"href":"https:\/\/cause.ch\/lab\/wp-json\/wp\/v2\/posts\/887","targetHints":{"allow":["GET"]}}],"collection":[{"href":"https:\/\/cause.ch\/lab\/wp-json\/wp\/v2\/posts"}],"about":[{"href":"https:\/\/cause.ch\/lab\/wp-json\/wp\/v2\/types\/post"}],"author":[{"embeddable":true,"href":"https:\/\/cause.ch\/lab\/wp-json\/wp\/v2\/users\/4"}],"replies":[{"embeddable":true,"href":"https:\/\/cause.ch\/lab\/wp-json\/wp\/v2\/comments?post=887"}],"version-history":[{"count":30,"href":"https:\/\/cause.ch\/lab\/wp-json\/wp\/v2\/posts\/887\/revisions"}],"predecessor-version":[{"id":1191,"href":"https:\/\/cause.ch\/lab\/wp-json\/wp\/v2\/posts\/887\/revisions\/1191"}],"wp:attachment":[{"href":"https:\/\/cause.ch\/lab\/wp-json\/wp\/v2\/media?parent=887"}],"wp:term":[{"taxonomy":"category","embeddable":true,"href":"https:\/\/cause.ch\/lab\/wp-json\/wp\/v2\/categories?post=887"},{"taxonomy":"post_tag","embeddable":true,"href":"https:\/\/cause.ch\/lab\/wp-json\/wp\/v2\/tags?post=887"}],"curies":[{"name":"wp","href":"https:\/\/api.w.org\/{rel}","templated":true}]}}