{"id":987,"date":"2014-05-01T16:51:26","date_gmt":"2014-05-01T14:51:26","guid":{"rendered":"http:\/\/cause.ch\/lab\/?p=987"},"modified":"2015-10-15T19:29:22","modified_gmt":"2015-10-15T17:29:22","slug":"les-delices-du-chateau","status":"publish","type":"post","link":"https:\/\/cause.ch\/lab\/mandats\/les-delices-du-chateau\/","title":{"rendered":"les D\u00e9lices du Ch\u00e2teau"},"content":{"rendered":"<div class=\"arx_pad_2\">\n<a href=\"http:\/\/cause.ch\/lab\/wp-content\/uploads\/2014\/04\/les_declices_du-chateau_1.jpg\"><img loading=\"lazy\" decoding=\"async\" src=\"http:\/\/cause.ch\/lab\/wp-content\/uploads\/2014\/04\/les_declices_du-chateau_1.jpg\" alt=\"les_declices_du-chateau_1\" width=\"1000\" height=\"681\" class=\"alignnone size-full wp-image-988\" srcset=\"https:\/\/cause.ch\/lab\/wp-content\/uploads\/2014\/04\/les_declices_du-chateau_1.jpg 1000w, https:\/\/cause.ch\/lab\/wp-content\/uploads\/2014\/04\/les_declices_du-chateau_1-300x204.jpg 300w\" sizes=\"auto, (max-width: 1000px) 100vw, 1000px\" \/><\/a>\n<\/div>\n<p class=\"arx_0 center_content arx_pad_1\">\nProjet: <b>Identit\u00e9 visuelle<\/b><br \/>\nTeam Cause: <b>Beno\u00eet Goncerut, Fr\u00e9d\u00e9ric Goncerut, Pierre Andrey<\/b><br \/>\nClient: <b>les D\u00e9lices du Ch\u00e2teau<\/b>\n<\/p>\n<p class=\"arx_1 center_content arx_pad_0\">\nEn f\u00e9vrier 2014, notre agent Beno\u00eet Goncerut prit les commandes d&#8217;un mandat conclu avec un jeune entrepreneur pour la cr\u00e9ation de l&#8217;identit\u00e9 visuelle de sa nouvelle boulangerie artisanale: <a href=\"http:\/\/www.lesdelicesduchateau.ch\" target=\"_blank\">les D\u00e9lices du Ch\u00e2teau de la Place Charles-Dufour \u00e0 Morges.<\/a>\n<\/p>\n<p class=\"arx_1 center_content arx_pad_0\">\nL&#8217;objet du contrat fut la prise en charge int\u00e9grale de sa solution en communication: conception de logo, cartes de visites, cartons d&#8217;invitations au vernissage, flyers promotionnels, pancartes, ardoises, d\u00e9coration d&#8217;int\u00e9rieur, design de la vitrine, gestion des r\u00e9seaux sociaux et site web  &#8211; un service complet allant jusqu&#8217;\u00e0 la fabrication sur mesure de la pelle \u00e0 pain du boulanger.\n<\/p>\n<p class=\"arx_1 center_content arx_pad_2\">\nCette collaboration commerciale pr\u00e9voit de se prolonger ind\u00e9finiment d&#8217;apr\u00e8s l&#8217;anticipation de futurs services \u00e0 pourvoir dans le domaine de la communication, Cause se proposant comme unique r\u00e9pondant en la mati\u00e8re, apportant des solutions pratiques et cr\u00e9atives \u00e0 chaque nouveau besoin \u00e9mergeant.\n<\/p>\n<div class=\"arx_pad_2\">\n<a href=\"http:\/\/cause.ch\/lab\/wp-content\/uploads\/2014\/04\/les_declices_du-chateau_2.jpg\"><img loading=\"lazy\" decoding=\"async\" src=\"http:\/\/cause.ch\/lab\/wp-content\/uploads\/2014\/04\/les_declices_du-chateau_2.jpg\" alt=\"les_declices_du-chateau_2\" width=\"480\" height=\"546\" class=\"alignnone size-full wp-image-989\" srcset=\"https:\/\/cause.ch\/lab\/wp-content\/uploads\/2014\/04\/les_declices_du-chateau_2.jpg 480w, https:\/\/cause.ch\/lab\/wp-content\/uploads\/2014\/04\/les_declices_du-chateau_2-263x300.jpg 263w\" sizes=\"auto, (max-width: 480px) 100vw, 480px\" \/><\/a>\n<\/div>\n<p class=\"arx_1 center_text arx_pad_2\">\n<b>Acteurs tiers:<\/b><br \/>\nSerge de <a href=\"http:\/\/www.lowriderteeshirt.ch\/\" target=\"_blank\">Lowrider<\/a> (handpainting\/signpainting)<br \/>\n<a href=\"http:\/\/carnetnumero.tumblr.com\/\" target=\"_blank\">Collection Carnet Num\u00e9ro <\/a>(impressions artisanales)<br \/>\nConception de la planche \u00e0 pain: Emi Ris (<a href=\"http:\/\/maurice-jaques.ch\" target=\"_blank\">Eb\u00e9nisterie Maurice Jaques<\/a>)<\/p>\n","protected":false},"excerpt":{"rendered":"<p class=\"arx_excerpt arx_pad_1\">\nProjet: <b>Identit\u00e9 visuelle<\/b><br \/>\nTeam Cause: <b>Beno\u00eet Goncerut, Fr\u00e9d\u00e9ric Goncerut, Pierre Andrey<\/b><br \/>\nClient: <b>les D\u00e9lices du Ch\u00e2teau<\/b><\/p>\n","protected":false},"author":4,"featured_media":0,"comment_status":"open","ping_status":"open","sticky":false,"template":"","format":"standard","meta":{"footnotes":""},"categories":[13],"tags":[62,7,57,60,61,56,58,59,72,29],"class_list":["post-987","post","type-post","status-publish","format-standard","hentry","category-mandats","tag-carnet-numero","tag-cause","tag-delices-du-chateau","tag-frederic-goncerut","tag-lowrider","tag-mandat","tag-morges","tag-pierre-andrey","tag-we-are-the-cause-2","tag-wearethecause"],"_links":{"self":[{"href":"https:\/\/cause.ch\/lab\/wp-json\/wp\/v2\/posts\/987","targetHints":{"allow":["GET"]}}],"collection":[{"href":"https:\/\/cause.ch\/lab\/wp-json\/wp\/v2\/posts"}],"about":[{"href":"https:\/\/cause.ch\/lab\/wp-json\/wp\/v2\/types\/post"}],"author":[{"embeddable":true,"href":"https:\/\/cause.ch\/lab\/wp-json\/wp\/v2\/users\/4"}],"replies":[{"embeddable":true,"href":"https:\/\/cause.ch\/lab\/wp-json\/wp\/v2\/comments?post=987"}],"version-history":[{"count":24,"href":"https:\/\/cause.ch\/lab\/wp-json\/wp\/v2\/posts\/987\/revisions"}],"predecessor-version":[{"id":1465,"href":"https:\/\/cause.ch\/lab\/wp-json\/wp\/v2\/posts\/987\/revisions\/1465"}],"wp:attachment":[{"href":"https:\/\/cause.ch\/lab\/wp-json\/wp\/v2\/media?parent=987"}],"wp:term":[{"taxonomy":"category","embeddable":true,"href":"https:\/\/cause.ch\/lab\/wp-json\/wp\/v2\/categories?post=987"},{"taxonomy":"post_tag","embeddable":true,"href":"https:\/\/cause.ch\/lab\/wp-json\/wp\/v2\/tags?post=987"}],"curies":[{"name":"wp","href":"https:\/\/api.w.org\/{rel}","templated":true}]}}